{"id":1165,"date":"2026-03-13T10:57:00","date_gmt":"2026-03-13T10:57:00","guid":{"rendered":"https:\/\/tuvch.mx\/noticias\/?p=1165"},"modified":"2026-03-14T00:04:32","modified_gmt":"2026-03-14T00:04:32","slug":"conocer","status":"publish","type":"post","link":"https:\/\/tuvch.mx\/noticias\/?p=1165","title":{"rendered":"El TUVCH fortalece la profesionalizaci\u00f3n en el oriente del Valle de M\u00e9xico al acreditarse como Entidad de Certificaci\u00f3n y Evaluaci\u00f3n del CONOCER"},"content":{"rendered":"<div class=\"pvc_clear\"><\/div><p id=\"pvc_stats_1165\" class=\"pvc_stats all  \" data-element-id=\"1165\" style=\"\"><i class=\"pvc-stats-icon medium\" aria-hidden=\"true\"><svg xmlns=\"http:\/\/www.w3.org\/2000\/svg\" version=\"1.0\" viewBox=\"0 0 502 315\" preserveAspectRatio=\"xMidYMid meet\"><g transform=\"translate(0,332) scale(0.1,-0.1)\" fill=\"\" stroke=\"none\"><path d=\"M2394 3279 l-29 -30 -3 -207 c-2 -182 0 -211 15 -242 39 -76 157 -76 196 0 15 31 17 60 15 243 l-3 209 -33 29 c-26 23 -41 29 -80 29 -41 0 -53 -5 -78 -31z\"\/><path d=\"M3085 3251 c-45 -19 -58 -50 -96 -229 -47 -217 -49 -260 -13 -295 52 -53 146 -42 177 20 16 31 87 366 87 410 0 70 -86 122 -155 94z\"\/><path d=\"M1751 3234 c-13 -9 -29 -31 -37 -50 -12 -29 -10 -49 21 -204 19 -94 39 -189 45 -210 14 -50 54 -80 110 -80 34 0 48 6 76 34 21 21 34 44 34 59 0 14 -18 113 -40 219 -37 178 -43 195 -70 221 -36 32 -101 37 -139 11z\"\/><path d=\"M1163 3073 c-36 -7 -73 -59 -73 -102 0 -56 133 -378 171 -413 34 -32 83 -37 129 -13 70 36 67 87 -16 290 -86 209 -89 214 -129 231 -35 14 -42 15 -82 7z\"\/><path d=\"M3689 3066 c-15 -9 -33 -30 -42 -48 -48 -103 -147 -355 -147 -375 0 -98 131 -148 192 -74 13 15 57 108 97 206 80 196 84 226 37 273 -30 30 -99 39 -137 18z\"\/><path d=\"M583 2784 c-38 -19 -67 -74 -58 -113 9 -42 211 -354 242 -373 16 -10 45 -18 66 -18 51 0 107 52 107 100 0 39 -1 41 -124 234 -80 126 -108 162 -133 173 -41 17 -61 16 -100 -3z\"\/><path d=\"M4250 2784 c-14 -9 -74 -91 -133 -183 -95 -150 -107 -173 -107 -213 0 -55 33 -94 87 -104 67 -13 90 8 211 198 130 202 137 225 78 284 -27 27 -42 34 -72 34 -22 0 -50 -8 -64 -16z\"\/><path d=\"M2275 2693 c-553 -48 -1095 -270 -1585 -649 -135 -104 -459 -423 -483 -476 -23 -49 -22 -139 2 -186 73 -142 361 -457 571 -626 285 -228 642 -407 990 -497 242 -63 336 -73 660 -74 310 0 370 5 595 52 535 111 1045 392 1455 803 122 121 250 273 275 326 19 41 19 137 0 174 -41 79 -309 363 -465 492 -447 370 -946 591 -1479 653 -113 14 -422 18 -536 8z m395 -428 c171 -34 330 -124 456 -258 112 -119 167 -219 211 -378 27 -96 24 -300 -5 -401 -72 -255 -236 -447 -474 -557 -132 -62 -201 -76 -368 -76 -167 0 -236 14 -368 76 -213 98 -373 271 -451 485 -162 444 86 934 547 1084 153 49 292 57 452 25z m909 -232 c222 -123 408 -262 593 -441 76 -74 138 -139 138 -144 0 -16 -233 -242 -330 -319 -155 -123 -309 -223 -461 -299 l-81 -41 32 46 c18 26 49 83 70 128 143 306 141 649 -6 957 -25 52 -61 116 -79 142 l-34 47 45 -20 c26 -10 76 -36 113 -56z m-2057 25 c-40 -58 -105 -190 -130 -263 -110 -324 -59 -707 132 -981 25 -35 42 -64 37 -64 -19 0 -241 119 -326 174 -188 122 -406 314 -532 468 l-58 71 108 103 c185 178 428 349 672 473 66 33 121 60 123 61 2 0 -10 -19 -26 -42z\"\/><path d=\"M2375 1950 c-198 -44 -350 -190 -395 -379 -18 -76 -8 -221 19 -290 114 -284 457 -406 731 -260 98 52 188 154 231 260 27 69 37 214 19 290 -38 163 -166 304 -326 360 -67 23 -215 33 -279 19z\"\/><\/g><\/svg><\/i> <img loading=\"lazy\" decoding=\"async\" width=\"16\" height=\"16\" alt=\"Loading\" src=\"https:\/\/tuvch.mx\/noticias\/wp-content\/plugins\/page-views-count\/ajax-loader-2x.gif\" border=0 \/><\/p><div class=\"pvc_clear\"><\/div>\n<blockquote class=\"wp-block-quote is-layout-flow wp-block-quote-is-layout-flow\">\n<p><strong>La acreditaci\u00f3n de habilidades ampl\u00eda las oportunidades de certificaci\u00f3n de competencias laborales para estudiantes, comunidad egresada y trabajadores de la regi\u00f3n, fortaleciendo la empleabilidad, la movilidad social y la vinculaci\u00f3n con el sector productivo.<\/strong><\/p>\n<\/blockquote>\n\n\n\n<figure class=\"wp-block-image aligncenter size-large\"><img loading=\"lazy\" decoding=\"async\" width=\"1024\" height=\"538\" src=\"https:\/\/tuvch.mx\/noticias\/wp-content\/uploads\/2026\/03\/Foto-involucrados-ECE-1024x538.png\" alt=\"\" class=\"wp-image-1179\" srcset=\"https:\/\/tuvch.mx\/noticias\/wp-content\/uploads\/2026\/03\/Foto-involucrados-ECE-980x515.png 980w, https:\/\/tuvch.mx\/noticias\/wp-content\/uploads\/2026\/03\/Foto-involucrados-ECE-480x252.png 480w\" sizes=\"(min-width: 0px) and (max-width: 480px) 480px, (min-width: 481px) and (max-width: 980px) 980px, (min-width: 981px) 1024px, 100vw\" \/><figcaption class=\"wp-element-caption\"><em><sub>Durante la develaci\u00f3n de placa en el TUVCH. De izquierda a derecha: Lic. Carlos Esquivel, Director de Desarrollo y Fomento Institucional del TUVCH; Mtra. Guillermina Alvarado, Directora General del CONOCER; Dra. Adriana Jim\u00e9nez, Directora General del TUVCH; Mtro. Francisco Montoya, Consultor del CONOCER.<\/sub><\/em><\/figcaption><\/figure>\n\n\n\n<p><\/p>\n\n\n\n<p>Valle de Chalco Solidaridad, Estado de M\u00e9xico. <strong>El Tecnol\u00f3gico Universitario del Valle de Chalco (TUVCH) fue acreditado como Entidad de Certificaci\u00f3n y Evaluaci\u00f3n (ECE) del Consejo Nacional de Normalizaci\u00f3n y Certificaci\u00f3n de Competencias Laborales (CONOCER)<\/strong>, un reconocimiento que fortalece la lo que representa la profesionalizaci\u00f3n, el desarrollo del talento y la empleabilidad en el oriente del Valle de M\u00e9xico.<\/p>\n\n\n\n<p>Esta acreditaci\u00f3n permite al TUVCH evaluar y certificar competencias laborales con validez oficial dentro del Sistema Nacional de Competencias, ampliando las oportunidades para que estudiantes, egresados y trabajadores acrediten formalmente sus conocimientos, habilidades y experiencia profesional.<\/p>\n\n\n\n<p>La acreditaci\u00f3n de esta nueva entidad fue celebrada mediante una ceremonia institucional de develaci\u00f3n de placa, realizada el pasado 6 de marzo en las instalaciones del TUVCH. El acto fue encabezado por la Directora General del CONOCER, Mtra. Guillermina Alvarado Moreno, y la Directora General del TUVCH, Dra. Mar\u00eda Adriana Jim\u00e9nez Romero, quienes destacaron la importancia de fortalecer los mecanismos de reconocimiento formal de las competencias laborales como una v\u00eda para ampliar oportunidades de desarrollo profesional.<\/p>\n\n\n\n<p>Al respecto, la Dra. Adriana Jim\u00e9nez se\u00f1al\u00f3 que: <em>\u201cBajo un fuerte compromiso \u00e9tico y desde la visi\u00f3n de la educaci\u00f3n humanista que caracteriza a las universidades jesuitas, esta Entidad Certificadora y Evaluadora llevar\u00e1 a cabo sus actividades con la conciencia de no caer en el riesgo de lo meramente utilitarista y que nos puede conducir a la subordinaci\u00f3n de los valores precisos para la construcci\u00f3n de una sociedad m\u00e1s justa. Si bien es importante la racionalidad instrumental, esto no nos basta, pues a trav\u00e9s de esta nueva entidad en el TUVCH, buscaremos la experiencia de desarrollo integral que procure la dignidad y trascendencia de las personas\u201d.<\/em><\/p>\n\n\n\n<p>Este significativo logro, representa un paso importante para que el TUVCH contin\u00fae acercando herramientas a la comunidad de la regi\u00f3n para el acceso a nuevas posibilidades laborales. Por su parte, la Mtra. Guillermina Alvarado resalt\u00f3 tambi\u00e9n el acompa\u00f1amiento que el CONOCER brinda al TUVCH con su integraci\u00f3n como ECE: <em>\u201cTengan la absoluta certeza de que, para alcanzar este gran objetivo, cuentan con el respaldo incondicional y permanente del CONOCER y de la Secretar\u00eda de Educaci\u00f3n P\u00fablica. Seguiremos caminando de la mano con el Tecnol\u00f3gico Universitario del Valle de Chalco para que sigan transformando vidas\u201d<\/em>.<\/p>\n\n\n\n<figure class=\"wp-block-gallery aligncenter has-nested-images columns-default is-cropped wp-block-gallery-1 is-layout-flex wp-block-gallery-is-layout-flex\">\n<figure class=\"wp-block-image size-large\"><img loading=\"lazy\" decoding=\"async\" width=\"1024\" height=\"666\" data-id=\"1174\" src=\"https:\/\/tuvch.mx\/noticias\/wp-content\/uploads\/2026\/03\/Dra.-Adriana-1024x666.jpg\" alt=\"\" class=\"wp-image-1174\" srcset=\"https:\/\/tuvch.mx\/noticias\/wp-content\/uploads\/2026\/03\/Dra.-Adriana-1024x666.jpg 1024w, https:\/\/tuvch.mx\/noticias\/wp-content\/uploads\/2026\/03\/Dra.-Adriana-980x637.jpg 980w, https:\/\/tuvch.mx\/noticias\/wp-content\/uploads\/2026\/03\/Dra.-Adriana-480x312.jpg 480w\" sizes=\"(min-width: 0px) and (max-width: 480px) 480px, (min-width: 481px) and (max-width: 980px) 980px, (min-width: 981px) 1024px, 100vw\" \/><\/figure>\n\n\n\n<figure class=\"wp-block-image size-large\"><img loading=\"lazy\" decoding=\"async\" width=\"1024\" height=\"669\" data-id=\"1173\" src=\"https:\/\/tuvch.mx\/noticias\/wp-content\/uploads\/2026\/03\/Publico-ECE-1024x669.jpg\" alt=\"\" class=\"wp-image-1173\" srcset=\"https:\/\/tuvch.mx\/noticias\/wp-content\/uploads\/2026\/03\/Publico-ECE-1024x669.jpg 1024w, https:\/\/tuvch.mx\/noticias\/wp-content\/uploads\/2026\/03\/Publico-ECE-980x640.jpg 980w, https:\/\/tuvch.mx\/noticias\/wp-content\/uploads\/2026\/03\/Publico-ECE-480x314.jpg 480w\" sizes=\"(min-width: 0px) and (max-width: 480px) 480px, (min-width: 481px) and (max-width: 980px) 980px, (min-width: 981px) 1024px, 100vw\" \/><\/figure>\n\n\n\n<figure class=\"wp-block-image size-large\"><img loading=\"lazy\" decoding=\"async\" width=\"1024\" height=\"677\" data-id=\"1175\" src=\"https:\/\/tuvch.mx\/noticias\/wp-content\/uploads\/2026\/03\/Placa-1024x677.jpg\" alt=\"\" class=\"wp-image-1175\" srcset=\"https:\/\/tuvch.mx\/noticias\/wp-content\/uploads\/2026\/03\/Placa-980x648.jpg 980w, https:\/\/tuvch.mx\/noticias\/wp-content\/uploads\/2026\/03\/Placa-480x317.jpg 480w\" sizes=\"(min-width: 0px) and (max-width: 480px) 480px, (min-width: 481px) and (max-width: 980px) 980px, (min-width: 981px) 1024px, 100vw\" \/><\/figure>\n<\/figure>\n\n\n\n<p><\/p>\n\n\n\n<p>El evento reuni\u00f3 a representantes de instituciones de educaci\u00f3n media superior y superior, tanto p\u00fablicas como privadas, adem\u00e1s de representantes del gobierno municipal de Valle de Chalco, directivos de organizaciones aliadas y representantes de c\u00e1maras industriales, quienes coincidieron en la relevancia de fortalecer los v\u00ednculos entre educaci\u00f3n, sector productivo y desarrollo regional.<\/p>\n\n\n\n<p>La incorporaci\u00f3n del TUVCH a este sistema se alinea con su misi\u00f3n institucional de \u201cformar, a trav\u00e9s del modelo educativo jesuita, profesionistas competentes con integridad y compromiso por el desarrollo social para que, mediante su inserci\u00f3n laboral, logren su movilidad social y potencien el impacto positivo en su entorno\u201d.<\/p>\n\n\n\n<p>En este sentido, <strong>la certificaci\u00f3n de competencias no sustituye la formaci\u00f3n universitaria, sino que ampl\u00eda el impacto social de la instituci\u00f3n<\/strong>, al contribuir al reconocimiento del saber hacer de las personas m\u00e1s all\u00e1 de un t\u00edtulo universitario.<\/p>\n\n\n\n<p>En una regi\u00f3n donde hist\u00f3ricamente el acceso a la educaci\u00f3n superior ha sido limitado, este modelo contribuye a superar barreras de exclusi\u00f3n e inequidad, al ofrecer a trabajadores y personas con experiencia laboral la posibilidad de acreditar formalmente sus competencias en una funci\u00f3n productiva. De esta manera, pueden obtener un <strong>reconocimiento con validez oficial emitido por el Tecnol\u00f3gico Universitario del Valle de Chalco, el CONOCER y la Secretar\u00eda de Educaci\u00f3n P\u00fablica<\/strong>, fortaleciendo sus oportunidades de desarrollo profesional y movilidad laboral.<\/p>\n\n\n\n<p>Ser Entidad de Certificaci\u00f3n y Evaluaci\u00f3n posiciona al TUVCH como una instituci\u00f3n de vanguardia en la regi\u00f3n, al ampliar sus capacidades de vinculaci\u00f3n con el sector industrial y productivo. A trav\u00e9s de este esquema, la universidad podr\u00e1 ofrecer procesos de capacitaci\u00f3n, evaluaci\u00f3n y certificaci\u00f3n que contribuyan a la profesionalizaci\u00f3n de la planta laboral de empresas y organizaciones de la regi\u00f3n.<\/p>\n\n\n\n<p>Asimismo, estas certificaciones de competencias complementan la formaci\u00f3n acad\u00e9mica universitaria al permitir que las y los estudiantes acrediten habilidades espec\u00edficas demandadas por el sector productivo fortaleciendo su perfil de egreso y facilitando su inserci\u00f3n en el mercado laboral.<\/p>\n\n\n\n<p>Como instituci\u00f3n perteneciente al Sistema Universitario Jesuita, el Tecnol\u00f3gico Universitario del Valle de Chalco reafirma su compromiso con una educaci\u00f3n que articula excelencia acad\u00e9mica, justicia social y desarrollo regional, formando profesionistas capaces de convertirse en agentes de transformaci\u00f3n de su entorno.<\/p>\n\n\n\n<p><\/p>\n\n\n\n<p><\/p>\n\n\n\n<p class=\"has-text-align-right has-small-font-size\"><em>Texto: Verenice Lozano y Comunicaci\u00f3n Institucional TUVCH<\/em><\/p>\n\n\n\n<p class=\"has-text-align-right has-small-font-size\"><em>Imagen: Acervo de Comunicaci\u00f3n Institucional TUVCH<\/em><\/p>\n\n\n\n<p><\/p>\n\n\n\n<p><\/p>\n","protected":false},"excerpt":{"rendered":"<div class=\"pvc_clear\"><\/div>\n<p id=\"pvc_stats_1165\" class=\"pvc_stats all  \" data-element-id=\"1165\" style=\"\"><i class=\"pvc-stats-icon medium\" aria-hidden=\"true\"><svg xmlns=\"http:\/\/www.w3.org\/2000\/svg\" version=\"1.0\" viewBox=\"0 0 502 315\" preserveAspectRatio=\"xMidYMid meet\"><g transform=\"translate(0,332) scale(0.1,-0.1)\" fill=\"\" stroke=\"none\"><path d=\"M2394 3279 l-29 -30 -3 -207 c-2 -182 0 -211 15 -242 39 -76 157 -76 196 0 15 31 17 60 15 243 l-3 209 -33 29 c-26 23 -41 29 -80 29 -41 0 -53 -5 -78 -31z\"\/><path d=\"M3085 3251 c-45 -19 -58 -50 -96 -229 -47 -217 -49 -260 -13 -295 52 -53 146 -42 177 20 16 31 87 366 87 410 0 70 -86 122 -155 94z\"\/><path d=\"M1751 3234 c-13 -9 -29 -31 -37 -50 -12 -29 -10 -49 21 -204 19 -94 39 -189 45 -210 14 -50 54 -80 110 -80 34 0 48 6 76 34 21 21 34 44 34 59 0 14 -18 113 -40 219 -37 178 -43 195 -70 221 -36 32 -101 37 -139 11z\"\/><path d=\"M1163 3073 c-36 -7 -73 -59 -73 -102 0 -56 133 -378 171 -413 34 -32 83 -37 129 -13 70 36 67 87 -16 290 -86 209 -89 214 -129 231 -35 14 -42 15 -82 7z\"\/><path d=\"M3689 3066 c-15 -9 -33 -30 -42 -48 -48 -103 -147 -355 -147 -375 0 -98 131 -148 192 -74 13 15 57 108 97 206 80 196 84 226 37 273 -30 30 -99 39 -137 18z\"\/><path d=\"M583 2784 c-38 -19 -67 -74 -58 -113 9 -42 211 -354 242 -373 16 -10 45 -18 66 -18 51 0 107 52 107 100 0 39 -1 41 -124 234 -80 126 -108 162 -133 173 -41 17 -61 16 -100 -3z\"\/><path d=\"M4250 2784 c-14 -9 -74 -91 -133 -183 -95 -150 -107 -173 -107 -213 0 -55 33 -94 87 -104 67 -13 90 8 211 198 130 202 137 225 78 284 -27 27 -42 34 -72 34 -22 0 -50 -8 -64 -16z\"\/><path d=\"M2275 2693 c-553 -48 -1095 -270 -1585 -649 -135 -104 -459 -423 -483 -476 -23 -49 -22 -139 2 -186 73 -142 361 -457 571 -626 285 -228 642 -407 990 -497 242 -63 336 -73 660 -74 310 0 370 5 595 52 535 111 1045 392 1455 803 122 121 250 273 275 326 19 41 19 137 0 174 -41 79 -309 363 -465 492 -447 370 -946 591 -1479 653 -113 14 -422 18 -536 8z m395 -428 c171 -34 330 -124 456 -258 112 -119 167 -219 211 -378 27 -96 24 -300 -5 -401 -72 -255 -236 -447 -474 -557 -132 -62 -201 -76 -368 -76 -167 0 -236 14 -368 76 -213 98 -373 271 -451 485 -162 444 86 934 547 1084 153 49 292 57 452 25z m909 -232 c222 -123 408 -262 593 -441 76 -74 138 -139 138 -144 0 -16 -233 -242 -330 -319 -155 -123 -309 -223 -461 -299 l-81 -41 32 46 c18 26 49 83 70 128 143 306 141 649 -6 957 -25 52 -61 116 -79 142 l-34 47 45 -20 c26 -10 76 -36 113 -56z m-2057 25 c-40 -58 -105 -190 -130 -263 -110 -324 -59 -707 132 -981 25 -35 42 -64 37 -64 -19 0 -241 119 -326 174 -188 122 -406 314 -532 468 l-58 71 108 103 c185 178 428 349 672 473 66 33 121 60 123 61 2 0 -10 -19 -26 -42z\"\/><path d=\"M2375 1950 c-198 -44 -350 -190 -395 -379 -18 -76 -8 -221 19 -290 114 -284 457 -406 731 -260 98 52 188 154 231 260 27 69 37 214 19 290 -38 163 -166 304 -326 360 -67 23 -215 33 -279 19z\"\/><\/g><\/svg><\/i> <img loading=\"lazy\" decoding=\"async\" width=\"16\" height=\"16\" alt=\"Loading\" src=\"https:\/\/tuvch.mx\/noticias\/wp-content\/plugins\/page-views-count\/ajax-loader-2x.gif\" border=0 \/><\/p>\n<div class=\"pvc_clear\"><\/div>\n<p>La acreditaci\u00f3n de habilidades ampl\u00eda las oportunidades de certificaci\u00f3n de competencias laborales para estudiantes, comunidad egresada y trabajadores de la regi\u00f3n, fortaleciendo la empleabilidad, la movilidad social y la vinculaci\u00f3n con el sector productivo. Valle de Chalco Solidaridad, Estado de M\u00e9xico. El Tecnol\u00f3gico Universitario del Valle de Chalco (TUVCH) fue acreditado como Entidad de Certificaci\u00f3n [&hellip;]<\/p>\n","protected":false},"author":5,"featured_media":1168,"comment_status":"open","ping_status":"open","sticky":false,"template":"","format":"standard","meta":{"give_campaign_id":0,"_et_pb_use_builder":"off","_et_pb_old_content":"","_et_gb_content_width":"","footnotes":""},"categories":[3,2,1],"tags":[],"class_list":["post-1165","post","type-post","status-publish","format-standard","has-post-thumbnail","hentry","category-incidencia","category-notas","category-prensa"],"a3_pvc":{"activated":true,"total_views":26,"today_views":0},"_links":{"self":[{"href":"https:\/\/tuvch.mx\/noticias\/index.php?rest_route=\/wp\/v2\/posts\/1165","targetHints":{"allow":["GET"]}}],"collection":[{"href":"https:\/\/tuvch.mx\/noticias\/index.php?rest_route=\/wp\/v2\/posts"}],"about":[{"href":"https:\/\/tuvch.mx\/noticias\/index.php?rest_route=\/wp\/v2\/types\/post"}],"author":[{"embeddable":true,"href":"https:\/\/tuvch.mx\/noticias\/index.php?rest_route=\/wp\/v2\/users\/5"}],"replies":[{"embeddable":true,"href":"https:\/\/tuvch.mx\/noticias\/index.php?rest_route=%2Fwp%2Fv2%2Fcomments&post=1165"}],"version-history":[{"count":8,"href":"https:\/\/tuvch.mx\/noticias\/index.php?rest_route=\/wp\/v2\/posts\/1165\/revisions"}],"predecessor-version":[{"id":1186,"href":"https:\/\/tuvch.mx\/noticias\/index.php?rest_route=\/wp\/v2\/posts\/1165\/revisions\/1186"}],"wp:featuredmedia":[{"embeddable":true,"href":"https:\/\/tuvch.mx\/noticias\/index.php?rest_route=\/wp\/v2\/media\/1168"}],"wp:attachment":[{"href":"https:\/\/tuvch.mx\/noticias\/index.php?rest_route=%2Fwp%2Fv2%2Fmedia&parent=1165"}],"wp:term":[{"taxonomy":"category","embeddable":true,"href":"https:\/\/tuvch.mx\/noticias\/index.php?rest_route=%2Fwp%2Fv2%2Fcategories&post=1165"},{"taxonomy":"post_tag","embeddable":true,"href":"https:\/\/tuvch.mx\/noticias\/index.php?rest_route=%2Fwp%2Fv2%2Ftags&post=1165"}],"curies":[{"name":"wp","href":"https:\/\/api.w.org\/{rel}","templated":true}]}}