{"id":1288,"date":"2026-04-22T23:11:34","date_gmt":"2026-04-22T23:11:34","guid":{"rendered":"https:\/\/tuvch.mx\/noticias\/?p=1288"},"modified":"2026-04-22T23:16:37","modified_gmt":"2026-04-22T23:16:37","slug":"orgullo-tuvch-destacado-triunfo-en-el-encuentro-metropolitano-de-posteres-en-sustentabilidad","status":"publish","type":"post","link":"https:\/\/tuvch.mx\/noticias\/?p=1288","title":{"rendered":"\u00a1Orgullo TUVCH! Destacado triunfo en el Encuentro Metropolitano de P\u00f3steres en Sustentabilidad"},"content":{"rendered":"<div class=\"pvc_clear\"><\/div><p id=\"pvc_stats_1288\" class=\"pvc_stats all  \" data-element-id=\"1288\" style=\"\"><i class=\"pvc-stats-icon medium\" aria-hidden=\"true\"><svg xmlns=\"http:\/\/www.w3.org\/2000\/svg\" version=\"1.0\" viewBox=\"0 0 502 315\" preserveAspectRatio=\"xMidYMid meet\"><g transform=\"translate(0,332) scale(0.1,-0.1)\" fill=\"\" stroke=\"none\"><path d=\"M2394 3279 l-29 -30 -3 -207 c-2 -182 0 -211 15 -242 39 -76 157 -76 196 0 15 31 17 60 15 243 l-3 209 -33 29 c-26 23 -41 29 -80 29 -41 0 -53 -5 -78 -31z\"\/><path d=\"M3085 3251 c-45 -19 -58 -50 -96 -229 -47 -217 -49 -260 -13 -295 52 -53 146 -42 177 20 16 31 87 366 87 410 0 70 -86 122 -155 94z\"\/><path d=\"M1751 3234 c-13 -9 -29 -31 -37 -50 -12 -29 -10 -49 21 -204 19 -94 39 -189 45 -210 14 -50 54 -80 110 -80 34 0 48 6 76 34 21 21 34 44 34 59 0 14 -18 113 -40 219 -37 178 -43 195 -70 221 -36 32 -101 37 -139 11z\"\/><path d=\"M1163 3073 c-36 -7 -73 -59 -73 -102 0 -56 133 -378 171 -413 34 -32 83 -37 129 -13 70 36 67 87 -16 290 -86 209 -89 214 -129 231 -35 14 -42 15 -82 7z\"\/><path d=\"M3689 3066 c-15 -9 -33 -30 -42 -48 -48 -103 -147 -355 -147 -375 0 -98 131 -148 192 -74 13 15 57 108 97 206 80 196 84 226 37 273 -30 30 -99 39 -137 18z\"\/><path d=\"M583 2784 c-38 -19 -67 -74 -58 -113 9 -42 211 -354 242 -373 16 -10 45 -18 66 -18 51 0 107 52 107 100 0 39 -1 41 -124 234 -80 126 -108 162 -133 173 -41 17 -61 16 -100 -3z\"\/><path d=\"M4250 2784 c-14 -9 -74 -91 -133 -183 -95 -150 -107 -173 -107 -213 0 -55 33 -94 87 -104 67 -13 90 8 211 198 130 202 137 225 78 284 -27 27 -42 34 -72 34 -22 0 -50 -8 -64 -16z\"\/><path d=\"M2275 2693 c-553 -48 -1095 -270 -1585 -649 -135 -104 -459 -423 -483 -476 -23 -49 -22 -139 2 -186 73 -142 361 -457 571 -626 285 -228 642 -407 990 -497 242 -63 336 -73 660 -74 310 0 370 5 595 52 535 111 1045 392 1455 803 122 121 250 273 275 326 19 41 19 137 0 174 -41 79 -309 363 -465 492 -447 370 -946 591 -1479 653 -113 14 -422 18 -536 8z m395 -428 c171 -34 330 -124 456 -258 112 -119 167 -219 211 -378 27 -96 24 -300 -5 -401 -72 -255 -236 -447 -474 -557 -132 -62 -201 -76 -368 -76 -167 0 -236 14 -368 76 -213 98 -373 271 -451 485 -162 444 86 934 547 1084 153 49 292 57 452 25z m909 -232 c222 -123 408 -262 593 -441 76 -74 138 -139 138 -144 0 -16 -233 -242 -330 -319 -155 -123 -309 -223 -461 -299 l-81 -41 32 46 c18 26 49 83 70 128 143 306 141 649 -6 957 -25 52 -61 116 -79 142 l-34 47 45 -20 c26 -10 76 -36 113 -56z m-2057 25 c-40 -58 -105 -190 -130 -263 -110 -324 -59 -707 132 -981 25 -35 42 -64 37 -64 -19 0 -241 119 -326 174 -188 122 -406 314 -532 468 l-58 71 108 103 c185 178 428 349 672 473 66 33 121 60 123 61 2 0 -10 -19 -26 -42z\"\/><path d=\"M2375 1950 c-198 -44 -350 -190 -395 -379 -18 -76 -8 -221 19 -290 114 -284 457 -406 731 -260 98 52 188 154 231 260 27 69 37 214 19 290 -38 163 -166 304 -326 360 -67 23 -215 33 -279 19z\"\/><\/g><\/svg><\/i> <img loading=\"lazy\" decoding=\"async\" width=\"16\" height=\"16\" alt=\"Loading\" src=\"https:\/\/tuvch.mx\/noticias\/wp-content\/plugins\/page-views-count\/ajax-loader-2x.gif\" border=0 \/><\/p><div class=\"pvc_clear\"><\/div>\n<p><\/p>\n\n\n\n<blockquote class=\"wp-block-quote is-layout-flow wp-block-quote-is-layout-flow\">\n<p><strong>\u00ab<\/strong>El Tecnol\u00f3gico Universitario del Valle de Chalco (TUVCH) obtuvo el primer lugar en el Encuentro Metropolitano de P\u00f3steres en Sustentabilidad, destacando entre 20 propuestas de instituciones de prestigio, adem\u00e1s de contar con la s\u00f3lida presencia de dos equipos m\u00e1s que presentaron propuestas con impacto local. Este logro refleja el compromiso de su comunidad estudiantil con una formaci\u00f3n acad\u00e9mica de excelencia, vinculada al territorio y orientada a la transformaci\u00f3n social.<strong>\u00bb<\/strong><\/p>\n<\/blockquote>\n\n\n\n<figure class=\"wp-block-image size-large\"><img loading=\"lazy\" decoding=\"async\" width=\"1024\" height=\"562\" src=\"https:\/\/tuvch.mx\/noticias\/wp-content\/uploads\/2026\/04\/Miniatura-1024x562.png\" alt=\"\" class=\"wp-image-1290\" srcset=\"https:\/\/tuvch.mx\/noticias\/wp-content\/uploads\/2026\/04\/Miniatura-980x538.png 980w, https:\/\/tuvch.mx\/noticias\/wp-content\/uploads\/2026\/04\/Miniatura-480x263.png 480w\" sizes=\"(min-width: 0px) and (max-width: 480px) 480px, (min-width: 481px) and (max-width: 980px) 980px, (min-width: 981px) 1024px, 100vw\" \/><figcaption class=\"wp-element-caption\"><em>Equipo ganador del 1er lugar en el Encuentro Metropolitano de P\u00f3steres en Sustentabilidad<\/em><\/figcaption><\/figure>\n\n\n\n<p><\/p>\n\n\n\n<p>Valle de Chalco, Estado de M\u00e9xico. El pasado 15 de abril, la comunidad educativa del Tecnol\u00f3gico Universitario del Valle de Chalco (TUVCH) dej\u00f3 huella en el Encuentro Metropolitano de P\u00f3steres en Sustentabilidad, organizado por el Congreso Internacional de Sustentabilidad (CIS) de la Universidad Iberoamericana Ciudad de M\u00e9xico. Frente a 20 propuestas provenientes de instituciones de prestigio de toda el \u00e1rea metropolitana, el TUVCH reafirm\u00f3 que la excelencia acad\u00e9mica y el compromiso social van de la mano, destacando el enfoque humano y territorial de su modelo educativo.<\/p>\n\n\n\n<p><strong>Talento que transforma: Innovaci\u00f3n con Sentido Humano<\/strong><\/p>\n\n\n\n<p>El TUVCH, a trav\u00e9s del Programa de Sustentabilidad del Centro Universitario de Derechos Humanos y Sustentabilidad Segundo Montes S. J., extiende una felicitaci\u00f3n especial a sus estudiantes de 3er semestre de la carrera en Sistemas Inform\u00e1ticos:<\/p>\n\n\n\n<p>\u2022 Diana Yael Benavidez Mart\u00ednez;<br>\u2022 Mitzi Ahirin Alc\u00e1ntara Carbajal;<br>\u2022 Guadalupe P\u00e9rez Trejo; y<br>\u2022 Yair Daniel L\u00f3pez Flores.<\/p>\n\n\n\n<p>Su esfuerzo, dedicaci\u00f3n y persistencia ante las observaciones y correcciones recibidas durante su proceso de desarrollo, les llev\u00f3 a obtener el 1er lugar en el Encuentro Metropolitano de P\u00f3steres en Sustentabilidad con el proyecto <strong>TOYRE: Colecta inteligente de juguetes y PET<\/strong>, una propuesta que combina tecnolog\u00eda, econom\u00eda circular y solidaridad social. Este proyecto se inserta en una actividad econ\u00f3mica recurrente en el territorio del oriente del Estado de M\u00e9xico, destacando su pertinencia comunitaria en un entorno real.<\/p>\n\n\n\n<figure class=\"wp-block-gallery has-nested-images columns-default is-cropped wp-block-gallery-1 is-layout-flex wp-block-gallery-is-layout-flex\">\n<figure class=\"wp-block-image size-large\"><img loading=\"lazy\" decoding=\"async\" width=\"1024\" height=\"768\" data-id=\"1295\" src=\"https:\/\/tuvch.mx\/noticias\/wp-content\/uploads\/2026\/04\/673742647_1371253168373065_2968859900738484524_n-1024x768.jpg\" alt=\"\" class=\"wp-image-1295\" srcset=\"https:\/\/tuvch.mx\/noticias\/wp-content\/uploads\/2026\/04\/673742647_1371253168373065_2968859900738484524_n-980x735.jpg 980w, https:\/\/tuvch.mx\/noticias\/wp-content\/uploads\/2026\/04\/673742647_1371253168373065_2968859900738484524_n-480x360.jpg 480w\" sizes=\"(min-width: 0px) and (max-width: 480px) 480px, (min-width: 481px) and (max-width: 980px) 980px, (min-width: 981px) 1024px, 100vw\" \/><\/figure>\n\n\n\n<figure class=\"wp-block-image size-large\"><img loading=\"lazy\" decoding=\"async\" width=\"1024\" height=\"769\" data-id=\"1297\" src=\"https:\/\/tuvch.mx\/noticias\/wp-content\/uploads\/2026\/04\/673975335_1371267548371627_6236908755199729243_n-1024x769.jpg\" alt=\"\" class=\"wp-image-1297\" srcset=\"https:\/\/tuvch.mx\/noticias\/wp-content\/uploads\/2026\/04\/673975335_1371267548371627_6236908755199729243_n-980x736.jpg 980w, https:\/\/tuvch.mx\/noticias\/wp-content\/uploads\/2026\/04\/673975335_1371267548371627_6236908755199729243_n-480x361.jpg 480w\" sizes=\"(min-width: 0px) and (max-width: 480px) 480px, (min-width: 481px) and (max-width: 980px) 980px, (min-width: 981px) 1024px, 100vw\" \/><\/figure>\n\n\n\n<figure class=\"wp-block-image size-large\"><img loading=\"lazy\" decoding=\"async\" width=\"1024\" height=\"768\" data-id=\"1298\" src=\"https:\/\/tuvch.mx\/noticias\/wp-content\/uploads\/2026\/04\/672204282_1371245671707148_7807946389523221107_n-1024x768.jpg\" alt=\"\" class=\"wp-image-1298\" srcset=\"https:\/\/tuvch.mx\/noticias\/wp-content\/uploads\/2026\/04\/672204282_1371245671707148_7807946389523221107_n-1024x768.jpg 1024w, https:\/\/tuvch.mx\/noticias\/wp-content\/uploads\/2026\/04\/672204282_1371245671707148_7807946389523221107_n-980x735.jpg 980w, https:\/\/tuvch.mx\/noticias\/wp-content\/uploads\/2026\/04\/672204282_1371245671707148_7807946389523221107_n-480x360.jpg 480w\" sizes=\"(min-width: 0px) and (max-width: 480px) 480px, (min-width: 481px) and (max-width: 980px) 980px, (min-width: 981px) 1024px, 100vw\" \/><\/figure>\n<\/figure>\n\n\n\n<p><\/p>\n\n\n\n<p><\/p>\n\n\n\n<p><strong>Representaci\u00f3n de Excelencia<\/strong><\/p>\n\n\n\n<p>De igual manera, se reconoce la destacada participaci\u00f3n del grupo de la carrera en Hoteles y Restaurantes, quienes defendieron con seguridad, claridad y entusiasmo sus proyectos, mismos que sobresalen igualmente por su impacto local:<\/p>\n\n\n\n<p>\u2022 <strong>Proyecto &#8220;Amecameca: Tierra de bellezas&#8221;<\/strong>: presentado por Jacqueline Cort\u00e9s, Aranza Cruz y Eder Rivas del 3er semestre, resaltando el valor biocultural del territorio de los volcanes.<br>\u2022 <strong>&#8220;Del sart\u00e9n al jab\u00f3n&#8221;<\/strong>: presentado por Emily G\u00f3mez y Jessica Lira del 1er semestre, una soluci\u00f3n t\u00e9cnica y comunitaria para prevenir la contaminaci\u00f3n del agua en el sector HORECA.<\/p>\n\n\n\n<p>Cabe mencionar que todos los proyectos participantes fueron evaluados por un jurado integrado por personas acad\u00e9micas del Departamento de Ingenier\u00eda Qu\u00edmica de la Ibero. Asimismo, es relevante se\u00f1alar que gran parte de las y los estudiantes presentaron propuestas relacionadas con la transformaci\u00f3n de materiales, por lo que destacan las habilidades del equipo ganador al comunicar su proyecto con la excelencia acad\u00e9mica y t\u00e9cnica necesaria para obtener este reconocimiento.<\/p>\n\n\n\n<figure class=\"wp-block-gallery has-nested-images columns-default is-cropped wp-block-gallery-2 is-layout-flex wp-block-gallery-is-layout-flex\">\n<figure class=\"wp-block-image size-large\"><img loading=\"lazy\" decoding=\"async\" width=\"1024\" height=\"768\" data-id=\"1293\" src=\"https:\/\/tuvch.mx\/noticias\/wp-content\/uploads\/2026\/04\/Foto4-1024x768.jpeg\" alt=\"\" class=\"wp-image-1293\" srcset=\"https:\/\/tuvch.mx\/noticias\/wp-content\/uploads\/2026\/04\/Foto4-1024x768.jpeg 1024w, https:\/\/tuvch.mx\/noticias\/wp-content\/uploads\/2026\/04\/Foto4-980x735.jpeg 980w, https:\/\/tuvch.mx\/noticias\/wp-content\/uploads\/2026\/04\/Foto4-480x360.jpeg 480w\" sizes=\"(min-width: 0px) and (max-width: 480px) 480px, (min-width: 481px) and (max-width: 980px) 980px, (min-width: 981px) 1024px, 100vw\" \/><\/figure>\n\n\n\n<figure class=\"wp-block-image size-large\"><img loading=\"lazy\" decoding=\"async\" width=\"768\" height=\"1024\" data-id=\"1291\" src=\"https:\/\/tuvch.mx\/noticias\/wp-content\/uploads\/2026\/04\/Foto2-768x1024.jpeg\" alt=\"\" class=\"wp-image-1291\" srcset=\"https:\/\/tuvch.mx\/noticias\/wp-content\/uploads\/2026\/04\/Foto2-768x1024.jpeg 768w, https:\/\/tuvch.mx\/noticias\/wp-content\/uploads\/2026\/04\/Foto2-480x640.jpeg 480w\" sizes=\"(min-width: 0px) and (max-width: 480px) 480px, (min-width: 481px) 768px, 100vw\" \/><\/figure>\n<\/figure>\n\n\n\n<p><\/p>\n\n\n\n<p><\/p>\n\n\n\n<p><strong>Ciencia y t\u00e9cnica para la Vida y el Territorio<\/strong><\/p>\n\n\n\n<p>Este encuentro invita a reflexionar sobre el papel de la educaci\u00f3n t\u00e9cnica. Mientras que la ciencia convencional suele enfocarse en la transformaci\u00f3n de materiales mediante procesos altamente especializados y de laboratorio, en ocasiones alejados de la realidad social, la t\u00e9cnica que promueve el TUVCH posee un ADN distinto: no solo busca transformar materiales, sino tambi\u00e9n transformar realidades.<\/p>\n\n\n\n<p>Esta metodolog\u00eda se nutre de la participaci\u00f3n comunitaria y territorial, partiendo del entendimiento de que una sustentabilidad fuerte (Gudynas, 2009) no ocurre \u00fanicamente en el laboratorio, sino en el territorio donde las personas viven y trabajan. Al involucrar a la comunidad, se asegura que la ciencia no sea algo ajeno o distante, sino una herramienta viva para el cuidado de la casa com\u00fan.<\/p>\n\n\n\n<p>Se invita a toda la comunidad estudiantil a continuar transformando sus conocimientos en acciones que contribuyan a sanar nuestro planeta. \u00a1Felicidades a las y los participantes por poner en alto el nombre del Tecnol\u00f3gico Universitario del Valle de Chalco!<\/p>\n\n\n\n<p><strong>Agradecimientos<\/strong><\/p>\n\n\n\n<p>Adicionalmente, se reconoce la labor del profesor Lic. Herminio Nava Cruz por facilitar y acompa\u00f1ar el desarrollo del proyecto \u201cTOYRE\u201d; a la profesora Lic. Anaid Mendoza S\u00e1nchez por facilitar el desarrollo del proyecto \u201cAmecameca: Tierra de bellezas\u201d; y a la profesora Lic. F\u00e1tima Ortega Villalpando por su respaldo continuo al proyecto \u201cDel sart\u00e9n al jab\u00f3n\u201d.<\/p>\n\n\n\n<p>De igual forma, se agradecen las facilidades otorgadas por la Coordinaci\u00f3n Acad\u00e9mica, a cargo del Lic. Luis Alberto Mojica Galaviz, as\u00ed como el Apoyo Acad\u00e9mico de la Lic. Karina Rojas V\u00e1zquez y la Mtra. Elsa Georgina Aldape Enr\u00edquez, de la Coordinaci\u00f3n de Investigaci\u00f3n, Ciencia y Tecnolog\u00eda, por impulsar la participaci\u00f3n del estudiantado en la convocatoria del CIS.<\/p>\n\n\n\n<p>Tambi\u00e9n se reconoce la retroalimentaci\u00f3n brindada al dise\u00f1o de p\u00f3steres por la Mtra. Stephanie Ruiz Eslava, responsable de Dise\u00f1o Institucional y Prensa, as\u00ed como por la Coordinadora de Comunicaci\u00f3n Institucional, Lic. Blanca Estela Guti\u00e9rrez Gonz\u00e1lez. Finalmente, se extiende un especial agradecimiento a la TSU Karina Alejandra Bautista de Jes\u00fas por su apoyo en la log\u00edstica de impresi\u00f3n y transportaci\u00f3n hacia el evento.<\/p>\n\n\n\n<p><\/p>\n\n\n\n<p class=\"has-text-align-right has-small-font-size\"><em>Texto: Jorge Lagunes<\/em><\/p>\n\n\n\n<p class=\"has-text-align-right has-small-font-size\"><em>Estilo e imagen: Comunicaci\u00f3n Institucional<\/em><\/p>\n\n\n\n<p><\/p>\n\n\n\n<p><\/p>\n","protected":false},"excerpt":{"rendered":"<div class=\"pvc_clear\"><\/div>\n<p id=\"pvc_stats_1288\" class=\"pvc_stats all  \" data-element-id=\"1288\" style=\"\"><i class=\"pvc-stats-icon medium\" aria-hidden=\"true\"><svg xmlns=\"http:\/\/www.w3.org\/2000\/svg\" version=\"1.0\" viewBox=\"0 0 502 315\" preserveAspectRatio=\"xMidYMid meet\"><g transform=\"translate(0,332) scale(0.1,-0.1)\" fill=\"\" stroke=\"none\"><path d=\"M2394 3279 l-29 -30 -3 -207 c-2 -182 0 -211 15 -242 39 -76 157 -76 196 0 15 31 17 60 15 243 l-3 209 -33 29 c-26 23 -41 29 -80 29 -41 0 -53 -5 -78 -31z\"\/><path d=\"M3085 3251 c-45 -19 -58 -50 -96 -229 -47 -217 -49 -260 -13 -295 52 -53 146 -42 177 20 16 31 87 366 87 410 0 70 -86 122 -155 94z\"\/><path d=\"M1751 3234 c-13 -9 -29 -31 -37 -50 -12 -29 -10 -49 21 -204 19 -94 39 -189 45 -210 14 -50 54 -80 110 -80 34 0 48 6 76 34 21 21 34 44 34 59 0 14 -18 113 -40 219 -37 178 -43 195 -70 221 -36 32 -101 37 -139 11z\"\/><path d=\"M1163 3073 c-36 -7 -73 -59 -73 -102 0 -56 133 -378 171 -413 34 -32 83 -37 129 -13 70 36 67 87 -16 290 -86 209 -89 214 -129 231 -35 14 -42 15 -82 7z\"\/><path d=\"M3689 3066 c-15 -9 -33 -30 -42 -48 -48 -103 -147 -355 -147 -375 0 -98 131 -148 192 -74 13 15 57 108 97 206 80 196 84 226 37 273 -30 30 -99 39 -137 18z\"\/><path d=\"M583 2784 c-38 -19 -67 -74 -58 -113 9 -42 211 -354 242 -373 16 -10 45 -18 66 -18 51 0 107 52 107 100 0 39 -1 41 -124 234 -80 126 -108 162 -133 173 -41 17 -61 16 -100 -3z\"\/><path d=\"M4250 2784 c-14 -9 -74 -91 -133 -183 -95 -150 -107 -173 -107 -213 0 -55 33 -94 87 -104 67 -13 90 8 211 198 130 202 137 225 78 284 -27 27 -42 34 -72 34 -22 0 -50 -8 -64 -16z\"\/><path d=\"M2275 2693 c-553 -48 -1095 -270 -1585 -649 -135 -104 -459 -423 -483 -476 -23 -49 -22 -139 2 -186 73 -142 361 -457 571 -626 285 -228 642 -407 990 -497 242 -63 336 -73 660 -74 310 0 370 5 595 52 535 111 1045 392 1455 803 122 121 250 273 275 326 19 41 19 137 0 174 -41 79 -309 363 -465 492 -447 370 -946 591 -1479 653 -113 14 -422 18 -536 8z m395 -428 c171 -34 330 -124 456 -258 112 -119 167 -219 211 -378 27 -96 24 -300 -5 -401 -72 -255 -236 -447 -474 -557 -132 -62 -201 -76 -368 -76 -167 0 -236 14 -368 76 -213 98 -373 271 -451 485 -162 444 86 934 547 1084 153 49 292 57 452 25z m909 -232 c222 -123 408 -262 593 -441 76 -74 138 -139 138 -144 0 -16 -233 -242 -330 -319 -155 -123 -309 -223 -461 -299 l-81 -41 32 46 c18 26 49 83 70 128 143 306 141 649 -6 957 -25 52 -61 116 -79 142 l-34 47 45 -20 c26 -10 76 -36 113 -56z m-2057 25 c-40 -58 -105 -190 -130 -263 -110 -324 -59 -707 132 -981 25 -35 42 -64 37 -64 -19 0 -241 119 -326 174 -188 122 -406 314 -532 468 l-58 71 108 103 c185 178 428 349 672 473 66 33 121 60 123 61 2 0 -10 -19 -26 -42z\"\/><path d=\"M2375 1950 c-198 -44 -350 -190 -395 -379 -18 -76 -8 -221 19 -290 114 -284 457 -406 731 -260 98 52 188 154 231 260 27 69 37 214 19 290 -38 163 -166 304 -326 360 -67 23 -215 33 -279 19z\"\/><\/g><\/svg><\/i> <img loading=\"lazy\" decoding=\"async\" width=\"16\" height=\"16\" alt=\"Loading\" src=\"https:\/\/tuvch.mx\/noticias\/wp-content\/plugins\/page-views-count\/ajax-loader-2x.gif\" border=0 \/><\/p>\n<div class=\"pvc_clear\"><\/div>\n<p>\u00abEl Tecnol\u00f3gico Universitario del Valle de Chalco (TUVCH) obtuvo el primer lugar en el Encuentro Metropolitano de P\u00f3steres en Sustentabilidad, destacando entre 20 propuestas de instituciones de prestigio, adem\u00e1s de contar con la s\u00f3lida presencia de dos equipos m\u00e1s que presentaron propuestas con impacto local. Este logro refleja el compromiso de su comunidad estudiantil con [&hellip;]<\/p>\n","protected":false},"author":5,"featured_media":1299,"comment_status":"open","ping_status":"open","sticky":false,"template":"","format":"standard","meta":{"_et_pb_use_builder":"off","_et_pb_old_content":"","_et_gb_content_width":"","footnotes":""},"categories":[8,2],"tags":[],"class_list":["post-1288","post","type-post","status-publish","format-standard","has-post-thumbnail","hentry","category-informativa","category-notas"],"_links":{"self":[{"href":"https:\/\/tuvch.mx\/noticias\/index.php?rest_route=\/wp\/v2\/posts\/1288","targetHints":{"allow":["GET"]}}],"collection":[{"href":"https:\/\/tuvch.mx\/noticias\/index.php?rest_route=\/wp\/v2\/posts"}],"about":[{"href":"https:\/\/tuvch.mx\/noticias\/index.php?rest_route=\/wp\/v2\/types\/post"}],"author":[{"embeddable":true,"href":"https:\/\/tuvch.mx\/noticias\/index.php?rest_route=\/wp\/v2\/users\/5"}],"replies":[{"embeddable":true,"href":"https:\/\/tuvch.mx\/noticias\/index.php?rest_route=%2Fwp%2Fv2%2Fcomments&post=1288"}],"version-history":[{"count":3,"href":"https:\/\/tuvch.mx\/noticias\/index.php?rest_route=\/wp\/v2\/posts\/1288\/revisions"}],"predecessor-version":[{"id":1303,"href":"https:\/\/tuvch.mx\/noticias\/index.php?rest_route=\/wp\/v2\/posts\/1288\/revisions\/1303"}],"wp:featuredmedia":[{"embeddable":true,"href":"https:\/\/tuvch.mx\/noticias\/index.php?rest_route=\/wp\/v2\/media\/1299"}],"wp:attachment":[{"href":"https:\/\/tuvch.mx\/noticias\/index.php?rest_route=%2Fwp%2Fv2%2Fmedia&parent=1288"}],"wp:term":[{"taxonomy":"category","embeddable":true,"href":"https:\/\/tuvch.mx\/noticias\/index.php?rest_route=%2Fwp%2Fv2%2Fcategories&post=1288"},{"taxonomy":"post_tag","embeddable":true,"href":"https:\/\/tuvch.mx\/noticias\/index.php?rest_route=%2Fwp%2Fv2%2Ftags&post=1288"}],"curies":[{"name":"wp","href":"https:\/\/api.w.org\/{rel}","templated":true}]}}