{"id":331,"date":"2023-10-25T17:11:57","date_gmt":"2023-10-25T17:11:57","guid":{"rendered":"https:\/\/tuvch.mx\/noticias\/?p=331"},"modified":"2023-11-03T22:34:21","modified_gmt":"2023-11-03T22:34:21","slug":"entrega-del-reconocimiento-tata-vasco-2023","status":"publish","type":"post","link":"https:\/\/tuvch.mx\/noticias\/?p=331","title":{"rendered":"ENTREGA DEL RECONOCIMIENTO TATA VASCO 2023"},"content":{"rendered":"<div class=\"pvc_clear\"><\/div><p id=\"pvc_stats_331\" class=\"pvc_stats all  \" data-element-id=\"331\" style=\"\"><i class=\"pvc-stats-icon medium\" aria-hidden=\"true\"><svg xmlns=\"http:\/\/www.w3.org\/2000\/svg\" version=\"1.0\" viewBox=\"0 0 502 315\" preserveAspectRatio=\"xMidYMid meet\"><g transform=\"translate(0,332) scale(0.1,-0.1)\" fill=\"\" stroke=\"none\"><path d=\"M2394 3279 l-29 -30 -3 -207 c-2 -182 0 -211 15 -242 39 -76 157 -76 196 0 15 31 17 60 15 243 l-3 209 -33 29 c-26 23 -41 29 -80 29 -41 0 -53 -5 -78 -31z\"\/><path d=\"M3085 3251 c-45 -19 -58 -50 -96 -229 -47 -217 -49 -260 -13 -295 52 -53 146 -42 177 20 16 31 87 366 87 410 0 70 -86 122 -155 94z\"\/><path d=\"M1751 3234 c-13 -9 -29 -31 -37 -50 -12 -29 -10 -49 21 -204 19 -94 39 -189 45 -210 14 -50 54 -80 110 -80 34 0 48 6 76 34 21 21 34 44 34 59 0 14 -18 113 -40 219 -37 178 -43 195 -70 221 -36 32 -101 37 -139 11z\"\/><path d=\"M1163 3073 c-36 -7 -73 -59 -73 -102 0 -56 133 -378 171 -413 34 -32 83 -37 129 -13 70 36 67 87 -16 290 -86 209 -89 214 -129 231 -35 14 -42 15 -82 7z\"\/><path d=\"M3689 3066 c-15 -9 -33 -30 -42 -48 -48 -103 -147 -355 -147 -375 0 -98 131 -148 192 -74 13 15 57 108 97 206 80 196 84 226 37 273 -30 30 -99 39 -137 18z\"\/><path d=\"M583 2784 c-38 -19 -67 -74 -58 -113 9 -42 211 -354 242 -373 16 -10 45 -18 66 -18 51 0 107 52 107 100 0 39 -1 41 -124 234 -80 126 -108 162 -133 173 -41 17 -61 16 -100 -3z\"\/><path d=\"M4250 2784 c-14 -9 -74 -91 -133 -183 -95 -150 -107 -173 -107 -213 0 -55 33 -94 87 -104 67 -13 90 8 211 198 130 202 137 225 78 284 -27 27 -42 34 -72 34 -22 0 -50 -8 -64 -16z\"\/><path d=\"M2275 2693 c-553 -48 -1095 -270 -1585 -649 -135 -104 -459 -423 -483 -476 -23 -49 -22 -139 2 -186 73 -142 361 -457 571 -626 285 -228 642 -407 990 -497 242 -63 336 -73 660 -74 310 0 370 5 595 52 535 111 1045 392 1455 803 122 121 250 273 275 326 19 41 19 137 0 174 -41 79 -309 363 -465 492 -447 370 -946 591 -1479 653 -113 14 -422 18 -536 8z m395 -428 c171 -34 330 -124 456 -258 112 -119 167 -219 211 -378 27 -96 24 -300 -5 -401 -72 -255 -236 -447 -474 -557 -132 -62 -201 -76 -368 -76 -167 0 -236 14 -368 76 -213 98 -373 271 -451 485 -162 444 86 934 547 1084 153 49 292 57 452 25z m909 -232 c222 -123 408 -262 593 -441 76 -74 138 -139 138 -144 0 -16 -233 -242 -330 -319 -155 -123 -309 -223 -461 -299 l-81 -41 32 46 c18 26 49 83 70 128 143 306 141 649 -6 957 -25 52 -61 116 -79 142 l-34 47 45 -20 c26 -10 76 -36 113 -56z m-2057 25 c-40 -58 -105 -190 -130 -263 -110 -324 -59 -707 132 -981 25 -35 42 -64 37 -64 -19 0 -241 119 -326 174 -188 122 -406 314 -532 468 l-58 71 108 103 c185 178 428 349 672 473 66 33 121 60 123 61 2 0 -10 -19 -26 -42z\"\/><path d=\"M2375 1950 c-198 -44 -350 -190 -395 -379 -18 -76 -8 -221 19 -290 114 -284 457 -406 731 -260 98 52 188 154 231 260 27 69 37 214 19 290 -38 163 -166 304 -326 360 -67 23 -215 33 -279 19z\"\/><\/g><\/svg><\/i> <img loading=\"lazy\" decoding=\"async\" width=\"16\" height=\"16\" alt=\"Loading\" src=\"https:\/\/tuvch.mx\/noticias\/wp-content\/plugins\/page-views-count\/ajax-loader-2x.gif\" border=0 \/><\/p><div class=\"pvc_clear\"><\/div>\n<p><\/p>\n\n\n\n<p><em>Tata es la palabra para decir pap\u00e1 en pur\u00e9pecha. Tata Vasco era la forma en que este grupo ind\u00edgena llamaba con afecto a Vasco de Quiroga, cuando impuls\u00f3 un ambiente de armon\u00eda, respeto e igualdad para la poblaci\u00f3n ind\u00edgena que habitaba esa zona.<\/em><\/p>\n\n\n\n<p><\/p>\n\n\n\n<figure class=\"wp-block-image size-large\"><img loading=\"lazy\" decoding=\"async\" width=\"1024\" height=\"683\" src=\"https:\/\/tuvch.mx\/noticias\/wp-content\/uploads\/2023\/10\/IMG_7785-1-1024x683.jpg\" alt=\"\" class=\"wp-image-332\" srcset=\"https:\/\/tuvch.mx\/noticias\/wp-content\/uploads\/2023\/10\/IMG_7785-1-980x653.jpg 980w, https:\/\/tuvch.mx\/noticias\/wp-content\/uploads\/2023\/10\/IMG_7785-1-480x320.jpg 480w\" sizes=\"(min-width: 0px) and (max-width: 480px) 480px, (min-width: 481px) and (max-width: 980px) 980px, (min-width: 981px) 1024px, 100vw\" \/><figcaption class=\"wp-element-caption\"><em>Estatuilla de Vasco de Quiroga, del Reconocimiento Tata Vasco 2023. Creada por Pancho C\u00e1rdenas.<\/em><\/figcaption><\/figure>\n\n\n\n<p><\/p>\n\n\n\n<p>El reconocimiento Tata Vasco es un galard\u00f3n que otorga el Sistema Universitario Jesuita a aquellas organizaciones civiles que buscan la justicia y la paz diariamente, destaca su compromiso y el esfuerzo por hacer valer los derechos humanos en nuestro pa\u00eds. Dicho reconocimiento es otorgado cada dos a\u00f1os desde la primera emisi\u00f3n del Foro de Derechos Humanos en 1994. Esta, es una manera de honrar y agradecer su trabajo y de seguir animando su actuar en favor de todas y todos.<\/p>\n\n\n\n<p>Este a\u00f1o, la sede del XV Foro de Derechos Humanos fue el Tecnol\u00f3gico Universitario del Valle de Chalco, honrado de recibir a distintas organizaciones, defensores y defensoras, colectivos, y universidades hermanas del Sistema Universitario Jesuita.<\/p>\n\n\n\n<p><\/p>\n\n\n\n<figure class=\"wp-block-gallery has-nested-images columns-default is-cropped wp-block-gallery-1 is-layout-flex wp-block-gallery-is-layout-flex\">\n<figure class=\"wp-block-image size-large\"><img loading=\"lazy\" decoding=\"async\" width=\"1024\" height=\"683\" data-id=\"335\" src=\"https:\/\/tuvch.mx\/noticias\/wp-content\/uploads\/2023\/10\/IMG_7876-1-1024x683.jpg\" alt=\"\" class=\"wp-image-335\" srcset=\"https:\/\/tuvch.mx\/noticias\/wp-content\/uploads\/2023\/10\/IMG_7876-1-980x653.jpg 980w, https:\/\/tuvch.mx\/noticias\/wp-content\/uploads\/2023\/10\/IMG_7876-1-480x320.jpg 480w\" sizes=\"(min-width: 0px) and (max-width: 480px) 480px, (min-width: 481px) and (max-width: 980px) 980px, (min-width: 981px) 1024px, 100vw\" \/><figcaption class=\"wp-element-caption\"><em>Dra. Mar\u00eda Adriana Jim\u00e9nez Romero, Directora General del Tecnol\u00f3gico Universitario del Valle de Chalco hace entrega de la estatuilla del Reconocimiento Tata Vasco 2023.<\/em><\/figcaption><\/figure>\n<\/figure>\n\n\n\n<p><\/p>\n\n\n\n<p>La organizaci\u00f3n acreedora a este reconocimiento en la edici\u00f3n 2023 es el Centro Regional de Defensa de Derechos Humanos \u201cJos\u00e9 Ma. Morelos y Pav\u00f3n\u201d A. C. ubicado en Chilapa, Guerrero, por su incansable labor, realizada desde 1997, en defensa y protecci\u00f3n de los derechos humanos de los pueblos originarios de la monta\u00f1a baja, regi\u00f3n centro y la costa chica del estado de Guerrero, por su acompa\u00f1amiento a v\u00edctimas y sus familiares en situaci\u00f3n de desaparici\u00f3n forzada de personas, desplazamiento interno y\/o violencia de g\u00e9nero.<\/p>\n\n\n\n<p><\/p>\n\n\n\n<figure class=\"wp-block-image size-large\"><img loading=\"lazy\" decoding=\"async\" width=\"1024\" height=\"683\" src=\"https:\/\/tuvch.mx\/noticias\/wp-content\/uploads\/2023\/10\/IMG_7921-3-1-1024x683.jpg\" alt=\"\" class=\"wp-image-336\" srcset=\"https:\/\/tuvch.mx\/noticias\/wp-content\/uploads\/2023\/10\/IMG_7921-3-1-980x653.jpg 980w, https:\/\/tuvch.mx\/noticias\/wp-content\/uploads\/2023\/10\/IMG_7921-3-1-480x320.jpg 480w\" sizes=\"(min-width: 0px) and (max-width: 480px) 480px, (min-width: 481px) and (max-width: 980px) 980px, (min-width: 981px) 1024px, 100vw\" \/><figcaption class=\"wp-element-caption\"><em>Lic. Teodomira Rosales Sierra, Directora del Centro Regional de Defensa de Derechos Humanos &#8220;Jos\u00e9 Ma. Morelos y Pav\u00f3n&#8221; A.C.<\/em><\/figcaption><\/figure>\n\n\n\n<p><\/p>\n\n\n\n<p>Entre los principales logros del Centro Regional de Defensa de Derechos Humanos &#8220;Jos\u00e9 Ma. Morelos y Pav\u00f3n&#8221; A. C. destacan:<\/p>\n\n\n\n<ul class=\"wp-block-list\">\n<li>El acompa\u00f1amiento y representaci\u00f3n de familias del municipio de Coyuca de Catal\u00e1n (2011), Zitlala, de Leonardo Bravo y de Eliodoro Castillo (2018).<\/li>\n\n\n\n<li>La aprobaci\u00f3n de la Ley n\u00famero 487 para Prevenir y Atender el desplazamiento interno en el estado de Guerrero (2014).<\/li>\n\n\n\n<li>La visibilizaci\u00f3n a nivel nacional e internacional del problema del desplazamiento forzado interno, as\u00ed como el reconocimiento de la calidad de v\u00edctimas para 84 familias desplazadas, en el 2019.<\/li>\n\n\n\n<li>La Reforma al C\u00f3digo Penal Federal para la tipificaci\u00f3n del Desplazamiento Forzado Interno como delito, el 10 de abril de 2019.<\/li>\n\n\n\n<li>El dise\u00f1o de una metodolog\u00eda pertinente para la atenci\u00f3n, reubicaci\u00f3n y reparaci\u00f3n integral de las familias v\u00edctimas de desplazamiento forzado, en coordinaci\u00f3n con autoridades e instituciones del gobierno a nivel federal y estatal.<\/li>\n\n\n\n<li>El dise\u00f1o de estrategias de b\u00fasqueda y localizaci\u00f3n de personas desaparecidas en coordinaci\u00f3n con autoridades e instituciones responsables en la materia.<\/li>\n\n\n\n<li>Los procesos de sensibilizaci\u00f3n y formaci\u00f3n sobre la prevenci\u00f3n de la violencia de g\u00e9nero para empoderar a las mujeres y sus familias de los pueblos originarios y mestizos, impulsando el respeto a los derechos humanos de todas las personas.<\/li>\n<\/ul>\n\n\n\n<p>En el SUJ admiramos su entereza y convicci\u00f3n en la realizaci\u00f3n de su labor, en una regi\u00f3n profundamente lastimada por la violencia, como lo es, en el estado de Guerrero, especialmente por el contexto de militarizaci\u00f3n y combate al narcotr\u00e1fico, lo que hace que su labor de defensa de derechos humanos sea especialmente valiente y necesaria.<\/p>\n\n\n\n<p><\/p>\n\n\n\n<figure class=\"wp-block-gallery has-nested-images columns-default is-cropped wp-block-gallery-2 is-layout-flex wp-block-gallery-is-layout-flex\">\n<figure class=\"wp-block-image size-large\"><img loading=\"lazy\" decoding=\"async\" width=\"1024\" height=\"683\" data-id=\"337\" src=\"https:\/\/tuvch.mx\/noticias\/wp-content\/uploads\/2023\/10\/RECONOCIMIENTO-TATA-13-of-23-1-1024x683.jpg\" alt=\"\" class=\"wp-image-337\" srcset=\"https:\/\/tuvch.mx\/noticias\/wp-content\/uploads\/2023\/10\/RECONOCIMIENTO-TATA-13-of-23-1-980x653.jpg 980w, https:\/\/tuvch.mx\/noticias\/wp-content\/uploads\/2023\/10\/RECONOCIMIENTO-TATA-13-of-23-1-480x320.jpg 480w\" sizes=\"(min-width: 0px) and (max-width: 480px) 480px, (min-width: 481px) and (max-width: 980px) 980px, (min-width: 981px) 1024px, 100vw\" \/><\/figure>\n\n\n\n<figure class=\"wp-block-image size-large\"><img loading=\"lazy\" decoding=\"async\" width=\"1024\" height=\"683\" data-id=\"338\" src=\"https:\/\/tuvch.mx\/noticias\/wp-content\/uploads\/2023\/10\/IMG_7949-1-1024x683.jpg\" alt=\"\" class=\"wp-image-338\" srcset=\"https:\/\/tuvch.mx\/noticias\/wp-content\/uploads\/2023\/10\/IMG_7949-1-980x653.jpg 980w, https:\/\/tuvch.mx\/noticias\/wp-content\/uploads\/2023\/10\/IMG_7949-1-480x320.jpg 480w\" sizes=\"(min-width: 0px) and (max-width: 480px) 480px, (min-width: 481px) and (max-width: 980px) 980px, (min-width: 981px) 1024px, 100vw\" \/><\/figure>\n<\/figure>\n\n\n\n<figure class=\"wp-block-image size-large\"><img loading=\"lazy\" decoding=\"async\" width=\"1024\" height=\"683\" src=\"https:\/\/tuvch.mx\/noticias\/wp-content\/uploads\/2023\/10\/IMG_7936-1-1024x683.jpg\" alt=\"\" class=\"wp-image-339\" srcset=\"https:\/\/tuvch.mx\/noticias\/wp-content\/uploads\/2023\/10\/IMG_7936-1-980x653.jpg 980w, https:\/\/tuvch.mx\/noticias\/wp-content\/uploads\/2023\/10\/IMG_7936-1-480x320.jpg 480w\" sizes=\"(min-width: 0px) and (max-width: 480px) 480px, (min-width: 481px) and (max-width: 980px) 980px, (min-width: 981px) 1024px, 100vw\" \/><figcaption class=\"wp-element-caption\"><em>Integrantes del Centro Regional de Defensa de Derechos Humanos &#8220;Jos\u00e9 Ma. Morelos y Pav\u00f3n&#8221; A. C. junto a la Asistente de Educaci\u00f3n de la Compa\u00f1\u00eda de Jes\u00fas, Rectores, Directora y Directores Generales del Sistema Universitario Jesuita.<\/em><\/figcaption><\/figure>\n\n\n\n<p><\/p>\n\n\n\n<p>Revive esta ceremonia de premiaci\u00f3n: <a href=\"https:\/\/fb.watch\/nWlGd0wZKM\/?mibextid=9R9pXO\">https:\/\/fb.watch\/nWlGd0wZKM\/?mibextid=9R9pXO<\/a><\/p>\n\n\n\n<p><\/p>\n","protected":false},"excerpt":{"rendered":"<div class=\"pvc_clear\"><\/div>\n<p id=\"pvc_stats_331\" class=\"pvc_stats all  \" data-element-id=\"331\" style=\"\"><i class=\"pvc-stats-icon medium\" aria-hidden=\"true\"><svg xmlns=\"http:\/\/www.w3.org\/2000\/svg\" version=\"1.0\" viewBox=\"0 0 502 315\" preserveAspectRatio=\"xMidYMid meet\"><g transform=\"translate(0,332) scale(0.1,-0.1)\" fill=\"\" stroke=\"none\"><path d=\"M2394 3279 l-29 -30 -3 -207 c-2 -182 0 -211 15 -242 39 -76 157 -76 196 0 15 31 17 60 15 243 l-3 209 -33 29 c-26 23 -41 29 -80 29 -41 0 -53 -5 -78 -31z\"\/><path d=\"M3085 3251 c-45 -19 -58 -50 -96 -229 -47 -217 -49 -260 -13 -295 52 -53 146 -42 177 20 16 31 87 366 87 410 0 70 -86 122 -155 94z\"\/><path d=\"M1751 3234 c-13 -9 -29 -31 -37 -50 -12 -29 -10 -49 21 -204 19 -94 39 -189 45 -210 14 -50 54 -80 110 -80 34 0 48 6 76 34 21 21 34 44 34 59 0 14 -18 113 -40 219 -37 178 -43 195 -70 221 -36 32 -101 37 -139 11z\"\/><path d=\"M1163 3073 c-36 -7 -73 -59 -73 -102 0 -56 133 -378 171 -413 34 -32 83 -37 129 -13 70 36 67 87 -16 290 -86 209 -89 214 -129 231 -35 14 -42 15 -82 7z\"\/><path d=\"M3689 3066 c-15 -9 -33 -30 -42 -48 -48 -103 -147 -355 -147 -375 0 -98 131 -148 192 -74 13 15 57 108 97 206 80 196 84 226 37 273 -30 30 -99 39 -137 18z\"\/><path d=\"M583 2784 c-38 -19 -67 -74 -58 -113 9 -42 211 -354 242 -373 16 -10 45 -18 66 -18 51 0 107 52 107 100 0 39 -1 41 -124 234 -80 126 -108 162 -133 173 -41 17 -61 16 -100 -3z\"\/><path d=\"M4250 2784 c-14 -9 -74 -91 -133 -183 -95 -150 -107 -173 -107 -213 0 -55 33 -94 87 -104 67 -13 90 8 211 198 130 202 137 225 78 284 -27 27 -42 34 -72 34 -22 0 -50 -8 -64 -16z\"\/><path d=\"M2275 2693 c-553 -48 -1095 -270 -1585 -649 -135 -104 -459 -423 -483 -476 -23 -49 -22 -139 2 -186 73 -142 361 -457 571 -626 285 -228 642 -407 990 -497 242 -63 336 -73 660 -74 310 0 370 5 595 52 535 111 1045 392 1455 803 122 121 250 273 275 326 19 41 19 137 0 174 -41 79 -309 363 -465 492 -447 370 -946 591 -1479 653 -113 14 -422 18 -536 8z m395 -428 c171 -34 330 -124 456 -258 112 -119 167 -219 211 -378 27 -96 24 -300 -5 -401 -72 -255 -236 -447 -474 -557 -132 -62 -201 -76 -368 -76 -167 0 -236 14 -368 76 -213 98 -373 271 -451 485 -162 444 86 934 547 1084 153 49 292 57 452 25z m909 -232 c222 -123 408 -262 593 -441 76 -74 138 -139 138 -144 0 -16 -233 -242 -330 -319 -155 -123 -309 -223 -461 -299 l-81 -41 32 46 c18 26 49 83 70 128 143 306 141 649 -6 957 -25 52 -61 116 -79 142 l-34 47 45 -20 c26 -10 76 -36 113 -56z m-2057 25 c-40 -58 -105 -190 -130 -263 -110 -324 -59 -707 132 -981 25 -35 42 -64 37 -64 -19 0 -241 119 -326 174 -188 122 -406 314 -532 468 l-58 71 108 103 c185 178 428 349 672 473 66 33 121 60 123 61 2 0 -10 -19 -26 -42z\"\/><path d=\"M2375 1950 c-198 -44 -350 -190 -395 -379 -18 -76 -8 -221 19 -290 114 -284 457 -406 731 -260 98 52 188 154 231 260 27 69 37 214 19 290 -38 163 -166 304 -326 360 -67 23 -215 33 -279 19z\"\/><\/g><\/svg><\/i> <img loading=\"lazy\" decoding=\"async\" width=\"16\" height=\"16\" alt=\"Loading\" src=\"https:\/\/tuvch.mx\/noticias\/wp-content\/plugins\/page-views-count\/ajax-loader-2x.gif\" border=0 \/><\/p>\n<div class=\"pvc_clear\"><\/div>\n<p>Tata es la palabra para decir pap\u00e1 en pur\u00e9pecha. Tata Vasco era la forma en que este grupo ind\u00edgena llamaba con afecto a Vasco de Quiroga, cuando impuls\u00f3 un ambiente de armon\u00eda, respeto e igualdad para la poblaci\u00f3n ind\u00edgena que habitaba esa zona. El reconocimiento Tata Vasco es un galard\u00f3n que otorga el Sistema Universitario [&hellip;]<\/p>\n","protected":false},"author":4,"featured_media":341,"comment_status":"closed","ping_status":"open","sticky":false,"template":"","format":"standard","meta":{"give_campaign_id":0,"_et_pb_use_builder":"off","_et_pb_old_content":"","_et_gb_content_width":"","footnotes":""},"categories":[3,13,1],"tags":[],"class_list":["post-331","post","type-post","status-publish","format-standard","has-post-thumbnail","hentry","category-incidencia","category-noticias","category-prensa"],"a3_pvc":{"activated":true,"total_views":14,"today_views":0},"_links":{"self":[{"href":"https:\/\/tuvch.mx\/noticias\/index.php?rest_route=\/wp\/v2\/posts\/331","targetHints":{"allow":["GET"]}}],"collection":[{"href":"https:\/\/tuvch.mx\/noticias\/index.php?rest_route=\/wp\/v2\/posts"}],"about":[{"href":"https:\/\/tuvch.mx\/noticias\/index.php?rest_route=\/wp\/v2\/types\/post"}],"author":[{"embeddable":true,"href":"https:\/\/tuvch.mx\/noticias\/index.php?rest_route=\/wp\/v2\/users\/4"}],"replies":[{"embeddable":true,"href":"https:\/\/tuvch.mx\/noticias\/index.php?rest_route=%2Fwp%2Fv2%2Fcomments&post=331"}],"version-history":[{"count":3,"href":"https:\/\/tuvch.mx\/noticias\/index.php?rest_route=\/wp\/v2\/posts\/331\/revisions"}],"predecessor-version":[{"id":378,"href":"https:\/\/tuvch.mx\/noticias\/index.php?rest_route=\/wp\/v2\/posts\/331\/revisions\/378"}],"wp:featuredmedia":[{"embeddable":true,"href":"https:\/\/tuvch.mx\/noticias\/index.php?rest_route=\/wp\/v2\/media\/341"}],"wp:attachment":[{"href":"https:\/\/tuvch.mx\/noticias\/index.php?rest_route=%2Fwp%2Fv2%2Fmedia&parent=331"}],"wp:term":[{"taxonomy":"category","embeddable":true,"href":"https:\/\/tuvch.mx\/noticias\/index.php?rest_route=%2Fwp%2Fv2%2Fcategories&post=331"},{"taxonomy":"post_tag","embeddable":true,"href":"https:\/\/tuvch.mx\/noticias\/index.php?rest_route=%2Fwp%2Fv2%2Ftags&post=331"}],"curies":[{"name":"wp","href":"https:\/\/api.w.org\/{rel}","templated":true}]}}