{"id":354,"date":"2023-10-10T16:11:56","date_gmt":"2023-10-10T16:11:56","guid":{"rendered":"https:\/\/tuvch.mx\/noticias\/?p=354"},"modified":"2023-11-06T16:12:53","modified_gmt":"2023-11-06T16:12:53","slug":"destacada-participacion-del-tuvch-en-la-nueva-junta-directiva-de-ausjal","status":"publish","type":"post","link":"https:\/\/tuvch.mx\/noticias\/?p=354","title":{"rendered":"Destacada Participaci\u00f3n del TUVCH en la Nueva Junta Directiva de AUSJAL"},"content":{"rendered":"<div class=\"pvc_clear\"><\/div><p id=\"pvc_stats_354\" class=\"pvc_stats all  \" data-element-id=\"354\" style=\"\"><i class=\"pvc-stats-icon medium\" aria-hidden=\"true\"><svg xmlns=\"http:\/\/www.w3.org\/2000\/svg\" version=\"1.0\" viewBox=\"0 0 502 315\" preserveAspectRatio=\"xMidYMid meet\"><g transform=\"translate(0,332) scale(0.1,-0.1)\" fill=\"\" stroke=\"none\"><path d=\"M2394 3279 l-29 -30 -3 -207 c-2 -182 0 -211 15 -242 39 -76 157 -76 196 0 15 31 17 60 15 243 l-3 209 -33 29 c-26 23 -41 29 -80 29 -41 0 -53 -5 -78 -31z\"\/><path d=\"M3085 3251 c-45 -19 -58 -50 -96 -229 -47 -217 -49 -260 -13 -295 52 -53 146 -42 177 20 16 31 87 366 87 410 0 70 -86 122 -155 94z\"\/><path d=\"M1751 3234 c-13 -9 -29 -31 -37 -50 -12 -29 -10 -49 21 -204 19 -94 39 -189 45 -210 14 -50 54 -80 110 -80 34 0 48 6 76 34 21 21 34 44 34 59 0 14 -18 113 -40 219 -37 178 -43 195 -70 221 -36 32 -101 37 -139 11z\"\/><path d=\"M1163 3073 c-36 -7 -73 -59 -73 -102 0 -56 133 -378 171 -413 34 -32 83 -37 129 -13 70 36 67 87 -16 290 -86 209 -89 214 -129 231 -35 14 -42 15 -82 7z\"\/><path d=\"M3689 3066 c-15 -9 -33 -30 -42 -48 -48 -103 -147 -355 -147 -375 0 -98 131 -148 192 -74 13 15 57 108 97 206 80 196 84 226 37 273 -30 30 -99 39 -137 18z\"\/><path d=\"M583 2784 c-38 -19 -67 -74 -58 -113 9 -42 211 -354 242 -373 16 -10 45 -18 66 -18 51 0 107 52 107 100 0 39 -1 41 -124 234 -80 126 -108 162 -133 173 -41 17 -61 16 -100 -3z\"\/><path d=\"M4250 2784 c-14 -9 -74 -91 -133 -183 -95 -150 -107 -173 -107 -213 0 -55 33 -94 87 -104 67 -13 90 8 211 198 130 202 137 225 78 284 -27 27 -42 34 -72 34 -22 0 -50 -8 -64 -16z\"\/><path d=\"M2275 2693 c-553 -48 -1095 -270 -1585 -649 -135 -104 -459 -423 -483 -476 -23 -49 -22 -139 2 -186 73 -142 361 -457 571 -626 285 -228 642 -407 990 -497 242 -63 336 -73 660 -74 310 0 370 5 595 52 535 111 1045 392 1455 803 122 121 250 273 275 326 19 41 19 137 0 174 -41 79 -309 363 -465 492 -447 370 -946 591 -1479 653 -113 14 -422 18 -536 8z m395 -428 c171 -34 330 -124 456 -258 112 -119 167 -219 211 -378 27 -96 24 -300 -5 -401 -72 -255 -236 -447 -474 -557 -132 -62 -201 -76 -368 -76 -167 0 -236 14 -368 76 -213 98 -373 271 -451 485 -162 444 86 934 547 1084 153 49 292 57 452 25z m909 -232 c222 -123 408 -262 593 -441 76 -74 138 -139 138 -144 0 -16 -233 -242 -330 -319 -155 -123 -309 -223 -461 -299 l-81 -41 32 46 c18 26 49 83 70 128 143 306 141 649 -6 957 -25 52 -61 116 -79 142 l-34 47 45 -20 c26 -10 76 -36 113 -56z m-2057 25 c-40 -58 -105 -190 -130 -263 -110 -324 -59 -707 132 -981 25 -35 42 -64 37 -64 -19 0 -241 119 -326 174 -188 122 -406 314 -532 468 l-58 71 108 103 c185 178 428 349 672 473 66 33 121 60 123 61 2 0 -10 -19 -26 -42z\"\/><path d=\"M2375 1950 c-198 -44 -350 -190 -395 -379 -18 -76 -8 -221 19 -290 114 -284 457 -406 731 -260 98 52 188 154 231 260 27 69 37 214 19 290 -38 163 -166 304 -326 360 -67 23 -215 33 -279 19z\"\/><\/g><\/svg><\/i> <img loading=\"lazy\" decoding=\"async\" width=\"16\" height=\"16\" alt=\"Loading\" src=\"https:\/\/tuvch.mx\/noticias\/wp-content\/plugins\/page-views-count\/ajax-loader-2x.gif\" border=0 \/><\/p><div class=\"pvc_clear\"><\/div>\n<p>La Asociaci\u00f3n de Universidades Confiadas a la Compa\u00f1\u00eda de Jes\u00fas en Am\u00e9rica Latina (AUSJAL) es parte de una red global que comprende m\u00e1s de 200 universidades jesuitas distribuidas en cinco continentes y est\u00e1 afiliada a la Asociaci\u00f3n Internacional de Universidades Jesuitas (IAJU). Su objetivo principal es superar las barreras acad\u00e9micas para mejorar la contribuci\u00f3n de estas instituciones a sus respectivas sociedades.<\/p>\n\n\n\n<p>En Am\u00e9rica Latina, AUSJAL est\u00e1 compuesta por 30 universidades bajo la administraci\u00f3n de la Compa\u00f1\u00eda de Jes\u00fas. Su misi\u00f3n es desarrollar proyectos alineados con las prioridades estrat\u00e9gicas para potenciar la contribuci\u00f3n de las instituciones de educaci\u00f3n superior a sus entornos. En conjunto, estas universidades educan a alrededor de 236,000 estudiantes, de los cuales 202,750 se encuentran en nivel universitario y 35,033 est\u00e1n realizando estudios de posgrado.<\/p>\n\n\n\n<figure class=\"wp-block-image aligncenter size-full is-resized\"><img loading=\"lazy\" decoding=\"async\" width=\"800\" height=\"478\" src=\"https:\/\/tuvch.mx\/noticias\/wp-content\/uploads\/2023\/11\/Logo-AUSJAL-actual-800x478-1.jpg\" alt=\"\" class=\"wp-image-381\" style=\"aspect-ratio:1.6736401673640167;width:588px;height:auto\" srcset=\"https:\/\/tuvch.mx\/noticias\/wp-content\/uploads\/2023\/11\/Logo-AUSJAL-actual-800x478-1.jpg 800w, https:\/\/tuvch.mx\/noticias\/wp-content\/uploads\/2023\/11\/Logo-AUSJAL-actual-800x478-1-480x287.jpg 480w\" sizes=\"(min-width: 0px) and (max-width: 480px) 480px, (min-width: 481px) 800px, 100vw\" \/><\/figure>\n\n\n\n<p>AUSJAL opera mediante 15 Redes y Grupos de Trabajo formados por acad\u00e9micos, profesionales y autoridades de las universidades miembros, que participan de forma voluntaria en proyectos conjuntos. Estas redes y grupos juegan un rol crucial en la implementaci\u00f3n de las iniciativas de la Asociaci\u00f3n en toda la regi\u00f3n, abordando una amplia gama de temas que incluyen desigualdad, educaci\u00f3n, tecnolog\u00eda, pastoral, responsabilidad universitaria, cooperaci\u00f3n acad\u00e9mica, ambiente, derechos a la comunicaci\u00f3n y democracia, entre otros.<\/p>\n\n\n\n<p>La visi\u00f3n de AUSJAL para el a\u00f1o 2025 es consolidar un modelo universitario de inspiraci\u00f3n jesuita que se distinga por su formaci\u00f3n integral, su enfoque innovador en educaci\u00f3n, la integraci\u00f3n de calidad e inclusi\u00f3n, y su impacto en la sociedad. Su misi\u00f3n es fomentar la colaboraci\u00f3n y solidaridad entre las instituciones de educaci\u00f3n superior confiadas a la Compa\u00f1\u00eda de Jes\u00fas, contribuyendo a su misi\u00f3n, identidad, desarrollo institucional y compromiso social.<\/p>\n\n\n\n<p>Cada dos a\u00f1os, la AUSJAL organiza un <strong>Simposio de Innovaci\u00f3n Educativa <\/strong>para promover el intercambio de ideas y experiencias en educaci\u00f3n. Este evento re\u00fane a acad\u00e9micos, profesionales y autoridades universitarias para abordar temas como nuevos enfoques pedag\u00f3gicos, tecnolog\u00edas educativas y diversidad en el aula. Tambi\u00e9n fomenta la colaboraci\u00f3n entre instituciones afiliadas a AUSJAL. En 2021, se realiz\u00f3 el Primer Simposio en la Pontificia Universidad Cat\u00f3lica del Ecuador, explorando temas que van desde tecnolog\u00eda hasta la humanizaci\u00f3n de la educaci\u00f3n.<\/p>\n\n\n\n<figure class=\"wp-block-image size-large\"><img loading=\"lazy\" decoding=\"async\" width=\"1024\" height=\"576\" src=\"https:\/\/tuvch.mx\/noticias\/wp-content\/uploads\/2023\/11\/385838380_803333231793413_3371223441953099223_n-1024x576.jpg\" alt=\"\" class=\"wp-image-380\" srcset=\"https:\/\/tuvch.mx\/noticias\/wp-content\/uploads\/2023\/11\/385838380_803333231793413_3371223441953099223_n-980x551.jpg 980w, https:\/\/tuvch.mx\/noticias\/wp-content\/uploads\/2023\/11\/385838380_803333231793413_3371223441953099223_n-480x270.jpg 480w\" sizes=\"(min-width: 0px) and (max-width: 480px) 480px, (min-width: 481px) and (max-width: 980px) 980px, (min-width: 981px) 1024px, 100vw\" \/><\/figure>\n\n\n\n<p>En 2023, el <strong>Segundo Simposio <\/strong>tuvo sede en la Pontificia Universidad Javeriana Cali, el cual se centr\u00f3 en fortalecer un modelo educativo integral, innovador y socialmente impactante, alineado con las prioridades estrat\u00e9gicas de AUSJAL. Esto incluy\u00f3 aspectos como la identidad y liderazgo ignaciano, la promoci\u00f3n de un modelo universitario centrado en el estudiante y el uso cr\u00edtico de la tecnolog\u00eda, el fortalecimiento de la contribuci\u00f3n social de las universidades y la internacionalizaci\u00f3n de la red universitaria jesuita.<\/p>\n\n\n\n<p>En \u00e9l, participaron miembros de las 30 universidades de AUSJAL para conocer y dialogar en torno a las apuestas por la innovaci\u00f3n educativa desde la humanidad, inteligencia y tecnolog\u00eda. El simposio comenz\u00f3 oficialmente con la presencia del Presidente de la Conferencia de Provinciales en Am\u00e9rica Latina y el Caribe (CPAL), P. Rafael Garrido, S. J., y el Provincial de la Compa\u00f1\u00eda de Jes\u00fas en Colombia y Vice Gran Canciller de la Pontificia Universidad Javeriana, el P. Hermann Rodr\u00edguez Osorio, S. J. Tambi\u00e9n estuvieron presentes los rectores: Dr. Vicente Dur\u00e1n Casas, S. J., de la Pontificia Universidad Javeriana Cali; Dr. Luis Arriaga Valenzuela, S. J., Presidente de AUSJAL y Rector de la Universidad Iberoamericana Ciudad de M\u00e9xico, Tijuana y el Tecnol\u00f3gico Universitario del Valle de Chalco; y el Dr. Luis Fernando M\u00fanera, S. J., de la Pontificia Universidad Javeriana Bogot\u00e1, quien dict\u00f3 la ponencia inaugural titulada: \u201cIdentidad y Misi\u00f3n de las universidades confiadas a la Compa\u00f1\u00eda de Jes\u00fas en Am\u00e9rica Latina\u201d.<\/p>\n\n\n\n<p><a href=\"https:\/\/www.ausjal.org\/wp-content\/uploads\/2023\/10\/WhatsApp-Image-2023-10-03-at-11.59.43.jpeg\"><\/a>El primer d\u00eda del simposio, incluy\u00f3 una ponencia sobre innovaci\u00f3n educativa en universidades jesuitas a cargo del Dr. Shane Martin, Rector de la Universidad de Seattle. Adem\u00e1s, se llevaron a cabo seis mesas de trabajo dedicadas a temas como la perspectiva socioambiental, investigaci\u00f3n sobre medio ambiente y corrupci\u00f3n, pr\u00e1cticas pedag\u00f3gicas innovadoras, el Programa de Liderazgo Ignaciano Universitario, y otras experiencias innovadoras desde la perspectiva de los estudiantes.<\/p>\n\n\n\n<figure class=\"wp-block-gallery has-nested-images columns-default is-cropped wp-block-gallery-1 is-layout-flex wp-block-gallery-is-layout-flex\">\n<figure class=\"wp-block-image size-large\"><img loading=\"lazy\" decoding=\"async\" width=\"1024\" height=\"461\" data-id=\"382\" src=\"https:\/\/tuvch.mx\/noticias\/wp-content\/uploads\/2023\/11\/382595199_803326191794117_7891415282122699397_n-1024x461.jpg\" alt=\"\" class=\"wp-image-382\" srcset=\"https:\/\/tuvch.mx\/noticias\/wp-content\/uploads\/2023\/11\/382595199_803326191794117_7891415282122699397_n-980x441.jpg 980w, https:\/\/tuvch.mx\/noticias\/wp-content\/uploads\/2023\/11\/382595199_803326191794117_7891415282122699397_n-480x216.jpg 480w\" sizes=\"(min-width: 0px) and (max-width: 480px) 480px, (min-width: 481px) and (max-width: 980px) 980px, (min-width: 981px) 1024px, 100vw\" \/><\/figure>\n\n\n\n<figure class=\"wp-block-image size-large\"><img loading=\"lazy\" decoding=\"async\" width=\"1024\" height=\"768\" data-id=\"383\" src=\"https:\/\/tuvch.mx\/noticias\/wp-content\/uploads\/2023\/11\/384473145_803326625127407_8180178193733472238_n-1024x768.jpg\" alt=\"\" class=\"wp-image-383\" srcset=\"https:\/\/tuvch.mx\/noticias\/wp-content\/uploads\/2023\/11\/384473145_803326625127407_8180178193733472238_n-980x735.jpg 980w, https:\/\/tuvch.mx\/noticias\/wp-content\/uploads\/2023\/11\/384473145_803326625127407_8180178193733472238_n-480x360.jpg 480w\" sizes=\"(min-width: 0px) and (max-width: 480px) 480px, (min-width: 481px) and (max-width: 980px) 980px, (min-width: 981px) 1024px, 100vw\" \/><\/figure>\n\n\n\n<figure class=\"wp-block-image size-large\"><img loading=\"lazy\" decoding=\"async\" width=\"1024\" height=\"768\" data-id=\"384\" src=\"https:\/\/tuvch.mx\/noticias\/wp-content\/uploads\/2023\/11\/385903197_803325595127510_2316466282421081830_n-1024x768.jpg\" alt=\"\" class=\"wp-image-384\" srcset=\"https:\/\/tuvch.mx\/noticias\/wp-content\/uploads\/2023\/11\/385903197_803325595127510_2316466282421081830_n-980x735.jpg 980w, https:\/\/tuvch.mx\/noticias\/wp-content\/uploads\/2023\/11\/385903197_803325595127510_2316466282421081830_n-480x360.jpg 480w\" sizes=\"(min-width: 0px) and (max-width: 480px) 480px, (min-width: 481px) and (max-width: 980px) 980px, (min-width: 981px) 1024px, 100vw\" \/><\/figure>\n<\/figure>\n\n\n\n<p><a href=\"https:\/\/www.ausjal.org\/wp-content\/uploads\/2023\/10\/WhatsApp-Image-2023-10-03-at-11.16.28.jpeg\"><\/a>El 4 de octubre, el simposio continu\u00f3 con la presentaci\u00f3n de la ponencia sobre &#8220;Internacionalizaci\u00f3n y trabajo colaborativo con otras universidades y redes S.J.&#8221; a cargo del P. Daniel Villanueva, S.J. Tambi\u00e9n se llev\u00f3 a cabo un panel de rectores de universidades jesuitas de Brasil centrado en &#8220;Investigaci\u00f3n e incidencia&#8221;, con la participaci\u00f3n de Anderson Pedroso, SJ, Sergio Mariucci, SJ, Delmar Araujo, SJ y Gustavo Donato.<\/p>\n\n\n\n<p>Posteriormente, se realizaron mesas de di\u00e1logo que abordaron diversos temas, como el Master Dual en emprendimiento de la Universidad de Deusto, internacionalizaci\u00f3n de la ingenier\u00eda por el Institut catholique d\u2019arts et m\u00e9tiers, experiencias de intercambio en AUSJAL a trav\u00e9s de la Beca AUSJAL, innovaci\u00f3n abierta como puente entre academia e industria global, la Divisi\u00f3n de Ciencias Sociales de la Universidad Iberoamericana Ciudad de M\u00e9xico, y proyectos de aplicaci\u00f3n profesional a cargo de representantes del ITESO, Universidad Jesuita de Guadalajara.<\/p>\n\n\n\n<figure class=\"wp-block-image size-large\"><img loading=\"lazy\" decoding=\"async\" width=\"1024\" height=\"576\" src=\"https:\/\/tuvch.mx\/noticias\/wp-content\/uploads\/2023\/11\/385854728_806845158108887_6862272731272547318_n-1024x576.jpg\" alt=\"\" class=\"wp-image-379\" srcset=\"https:\/\/tuvch.mx\/noticias\/wp-content\/uploads\/2023\/11\/385854728_806845158108887_6862272731272547318_n-980x551.jpg 980w, https:\/\/tuvch.mx\/noticias\/wp-content\/uploads\/2023\/11\/385854728_806845158108887_6862272731272547318_n-480x270.jpg 480w\" sizes=\"(min-width: 0px) and (max-width: 480px) 480px, (min-width: 481px) and (max-width: 980px) 980px, (min-width: 981px) 1024px, 100vw\" \/><\/figure>\n\n\n\n<p><a href=\"https:\/\/www.ausjal.org\/wp-content\/uploads\/2023\/10\/WhatsApp-Image-2023-10-04-at-17.46.13.jpeg\"><\/a>Tras la culminaci\u00f3n del simposio de educaci\u00f3n, dio inicio la XXIII Asamblea Ordinaria de la Asociaci\u00f3n. Uno de los momentos destacados fue la elecci\u00f3n de la nueva Junta Directiva de AUSJAL, la cual qued\u00f3 constituida de la siguiente manera: Fernando Ponce, S. J. (PUCE) como presidente, Anderson Pedroso, S. J. (PUC Rio) como vicepresidente, Alexander Zatyrka, S. J. (ITESO) como tesorero, <strong>Adriana Jim\u00e9nez (TUVCH)<\/strong> y Andr\u00e9s Aguerre, S. J. (UCC) como vocales, y Francisco Urrutia como Secretario Ejecutivo.<\/p>\n","protected":false},"excerpt":{"rendered":"<div class=\"pvc_clear\"><\/div>\n<p id=\"pvc_stats_354\" class=\"pvc_stats all  \" data-element-id=\"354\" style=\"\"><i class=\"pvc-stats-icon medium\" aria-hidden=\"true\"><svg xmlns=\"http:\/\/www.w3.org\/2000\/svg\" version=\"1.0\" viewBox=\"0 0 502 315\" preserveAspectRatio=\"xMidYMid meet\"><g transform=\"translate(0,332) scale(0.1,-0.1)\" fill=\"\" stroke=\"none\"><path d=\"M2394 3279 l-29 -30 -3 -207 c-2 -182 0 -211 15 -242 39 -76 157 -76 196 0 15 31 17 60 15 243 l-3 209 -33 29 c-26 23 -41 29 -80 29 -41 0 -53 -5 -78 -31z\"\/><path d=\"M3085 3251 c-45 -19 -58 -50 -96 -229 -47 -217 -49 -260 -13 -295 52 -53 146 -42 177 20 16 31 87 366 87 410 0 70 -86 122 -155 94z\"\/><path d=\"M1751 3234 c-13 -9 -29 -31 -37 -50 -12 -29 -10 -49 21 -204 19 -94 39 -189 45 -210 14 -50 54 -80 110 -80 34 0 48 6 76 34 21 21 34 44 34 59 0 14 -18 113 -40 219 -37 178 -43 195 -70 221 -36 32 -101 37 -139 11z\"\/><path d=\"M1163 3073 c-36 -7 -73 -59 -73 -102 0 -56 133 -378 171 -413 34 -32 83 -37 129 -13 70 36 67 87 -16 290 -86 209 -89 214 -129 231 -35 14 -42 15 -82 7z\"\/><path d=\"M3689 3066 c-15 -9 -33 -30 -42 -48 -48 -103 -147 -355 -147 -375 0 -98 131 -148 192 -74 13 15 57 108 97 206 80 196 84 226 37 273 -30 30 -99 39 -137 18z\"\/><path d=\"M583 2784 c-38 -19 -67 -74 -58 -113 9 -42 211 -354 242 -373 16 -10 45 -18 66 -18 51 0 107 52 107 100 0 39 -1 41 -124 234 -80 126 -108 162 -133 173 -41 17 -61 16 -100 -3z\"\/><path d=\"M4250 2784 c-14 -9 -74 -91 -133 -183 -95 -150 -107 -173 -107 -213 0 -55 33 -94 87 -104 67 -13 90 8 211 198 130 202 137 225 78 284 -27 27 -42 34 -72 34 -22 0 -50 -8 -64 -16z\"\/><path d=\"M2275 2693 c-553 -48 -1095 -270 -1585 -649 -135 -104 -459 -423 -483 -476 -23 -49 -22 -139 2 -186 73 -142 361 -457 571 -626 285 -228 642 -407 990 -497 242 -63 336 -73 660 -74 310 0 370 5 595 52 535 111 1045 392 1455 803 122 121 250 273 275 326 19 41 19 137 0 174 -41 79 -309 363 -465 492 -447 370 -946 591 -1479 653 -113 14 -422 18 -536 8z m395 -428 c171 -34 330 -124 456 -258 112 -119 167 -219 211 -378 27 -96 24 -300 -5 -401 -72 -255 -236 -447 -474 -557 -132 -62 -201 -76 -368 -76 -167 0 -236 14 -368 76 -213 98 -373 271 -451 485 -162 444 86 934 547 1084 153 49 292 57 452 25z m909 -232 c222 -123 408 -262 593 -441 76 -74 138 -139 138 -144 0 -16 -233 -242 -330 -319 -155 -123 -309 -223 -461 -299 l-81 -41 32 46 c18 26 49 83 70 128 143 306 141 649 -6 957 -25 52 -61 116 -79 142 l-34 47 45 -20 c26 -10 76 -36 113 -56z m-2057 25 c-40 -58 -105 -190 -130 -263 -110 -324 -59 -707 132 -981 25 -35 42 -64 37 -64 -19 0 -241 119 -326 174 -188 122 -406 314 -532 468 l-58 71 108 103 c185 178 428 349 672 473 66 33 121 60 123 61 2 0 -10 -19 -26 -42z\"\/><path d=\"M2375 1950 c-198 -44 -350 -190 -395 -379 -18 -76 -8 -221 19 -290 114 -284 457 -406 731 -260 98 52 188 154 231 260 27 69 37 214 19 290 -38 163 -166 304 -326 360 -67 23 -215 33 -279 19z\"\/><\/g><\/svg><\/i> <img loading=\"lazy\" decoding=\"async\" width=\"16\" height=\"16\" alt=\"Loading\" src=\"https:\/\/tuvch.mx\/noticias\/wp-content\/plugins\/page-views-count\/ajax-loader-2x.gif\" border=0 \/><\/p>\n<div class=\"pvc_clear\"><\/div>\n<p>La Asociaci\u00f3n de Universidades Confiadas a la Compa\u00f1\u00eda de Jes\u00fas en Am\u00e9rica Latina (AUSJAL) es parte de una red global que comprende m\u00e1s de 200 universidades jesuitas distribuidas en cinco continentes y est\u00e1 afiliada a la Asociaci\u00f3n Internacional de Universidades Jesuitas (IAJU). Su objetivo principal es superar las barreras acad\u00e9micas para mejorar la contribuci\u00f3n de [&hellip;]<\/p>\n","protected":false},"author":5,"featured_media":379,"comment_status":"closed","ping_status":"open","sticky":false,"template":"","format":"standard","meta":{"give_campaign_id":0,"_et_pb_use_builder":"off","_et_pb_old_content":"","_et_gb_content_width":"","footnotes":""},"categories":[8,2],"tags":[],"class_list":["post-354","post","type-post","status-publish","format-standard","has-post-thumbnail","hentry","category-informativa","category-notas"],"a3_pvc":{"activated":true,"total_views":54,"today_views":2},"_links":{"self":[{"href":"https:\/\/tuvch.mx\/noticias\/index.php?rest_route=\/wp\/v2\/posts\/354","targetHints":{"allow":["GET"]}}],"collection":[{"href":"https:\/\/tuvch.mx\/noticias\/index.php?rest_route=\/wp\/v2\/posts"}],"about":[{"href":"https:\/\/tuvch.mx\/noticias\/index.php?rest_route=\/wp\/v2\/types\/post"}],"author":[{"embeddable":true,"href":"https:\/\/tuvch.mx\/noticias\/index.php?rest_route=\/wp\/v2\/users\/5"}],"replies":[{"embeddable":true,"href":"https:\/\/tuvch.mx\/noticias\/index.php?rest_route=%2Fwp%2Fv2%2Fcomments&post=354"}],"version-history":[{"count":2,"href":"https:\/\/tuvch.mx\/noticias\/index.php?rest_route=\/wp\/v2\/posts\/354\/revisions"}],"predecessor-version":[{"id":385,"href":"https:\/\/tuvch.mx\/noticias\/index.php?rest_route=\/wp\/v2\/posts\/354\/revisions\/385"}],"wp:featuredmedia":[{"embeddable":true,"href":"https:\/\/tuvch.mx\/noticias\/index.php?rest_route=\/wp\/v2\/media\/379"}],"wp:attachment":[{"href":"https:\/\/tuvch.mx\/noticias\/index.php?rest_route=%2Fwp%2Fv2%2Fmedia&parent=354"}],"wp:term":[{"taxonomy":"category","embeddable":true,"href":"https:\/\/tuvch.mx\/noticias\/index.php?rest_route=%2Fwp%2Fv2%2Fcategories&post=354"},{"taxonomy":"post_tag","embeddable":true,"href":"https:\/\/tuvch.mx\/noticias\/index.php?rest_route=%2Fwp%2Fv2%2Ftags&post=354"}],"curies":[{"name":"wp","href":"https:\/\/api.w.org\/{rel}","templated":true}]}}