{"id":433,"date":"2024-01-12T12:00:00","date_gmt":"2024-01-12T12:00:00","guid":{"rendered":"https:\/\/tuvch.mx\/noticias\/?p=433"},"modified":"2024-01-15T18:33:38","modified_gmt":"2024-01-15T18:33:38","slug":"la-radio-jesuita-del-oriente-del-estado-de-mexico-tuvch-radio-cumple-su-primer-aniversario-al-aire","status":"publish","type":"post","link":"https:\/\/tuvch.mx\/noticias\/?p=433","title":{"rendered":"La radio jesuita del Oriente del Estado de M\u00e9xico, &#8220;TUVCH Radio&#8221;, cumple su primer aniversario en l\u00ednea"},"content":{"rendered":"<div class=\"pvc_clear\"><\/div><p id=\"pvc_stats_433\" class=\"pvc_stats all  \" data-element-id=\"433\" style=\"\"><i class=\"pvc-stats-icon medium\" aria-hidden=\"true\"><svg xmlns=\"http:\/\/www.w3.org\/2000\/svg\" version=\"1.0\" viewBox=\"0 0 502 315\" preserveAspectRatio=\"xMidYMid meet\"><g transform=\"translate(0,332) scale(0.1,-0.1)\" fill=\"\" stroke=\"none\"><path d=\"M2394 3279 l-29 -30 -3 -207 c-2 -182 0 -211 15 -242 39 -76 157 -76 196 0 15 31 17 60 15 243 l-3 209 -33 29 c-26 23 -41 29 -80 29 -41 0 -53 -5 -78 -31z\"\/><path d=\"M3085 3251 c-45 -19 -58 -50 -96 -229 -47 -217 -49 -260 -13 -295 52 -53 146 -42 177 20 16 31 87 366 87 410 0 70 -86 122 -155 94z\"\/><path d=\"M1751 3234 c-13 -9 -29 -31 -37 -50 -12 -29 -10 -49 21 -204 19 -94 39 -189 45 -210 14 -50 54 -80 110 -80 34 0 48 6 76 34 21 21 34 44 34 59 0 14 -18 113 -40 219 -37 178 -43 195 -70 221 -36 32 -101 37 -139 11z\"\/><path d=\"M1163 3073 c-36 -7 -73 -59 -73 -102 0 -56 133 -378 171 -413 34 -32 83 -37 129 -13 70 36 67 87 -16 290 -86 209 -89 214 -129 231 -35 14 -42 15 -82 7z\"\/><path d=\"M3689 3066 c-15 -9 -33 -30 -42 -48 -48 -103 -147 -355 -147 -375 0 -98 131 -148 192 -74 13 15 57 108 97 206 80 196 84 226 37 273 -30 30 -99 39 -137 18z\"\/><path d=\"M583 2784 c-38 -19 -67 -74 -58 -113 9 -42 211 -354 242 -373 16 -10 45 -18 66 -18 51 0 107 52 107 100 0 39 -1 41 -124 234 -80 126 -108 162 -133 173 -41 17 -61 16 -100 -3z\"\/><path d=\"M4250 2784 c-14 -9 -74 -91 -133 -183 -95 -150 -107 -173 -107 -213 0 -55 33 -94 87 -104 67 -13 90 8 211 198 130 202 137 225 78 284 -27 27 -42 34 -72 34 -22 0 -50 -8 -64 -16z\"\/><path d=\"M2275 2693 c-553 -48 -1095 -270 -1585 -649 -135 -104 -459 -423 -483 -476 -23 -49 -22 -139 2 -186 73 -142 361 -457 571 -626 285 -228 642 -407 990 -497 242 -63 336 -73 660 -74 310 0 370 5 595 52 535 111 1045 392 1455 803 122 121 250 273 275 326 19 41 19 137 0 174 -41 79 -309 363 -465 492 -447 370 -946 591 -1479 653 -113 14 -422 18 -536 8z m395 -428 c171 -34 330 -124 456 -258 112 -119 167 -219 211 -378 27 -96 24 -300 -5 -401 -72 -255 -236 -447 -474 -557 -132 -62 -201 -76 -368 -76 -167 0 -236 14 -368 76 -213 98 -373 271 -451 485 -162 444 86 934 547 1084 153 49 292 57 452 25z m909 -232 c222 -123 408 -262 593 -441 76 -74 138 -139 138 -144 0 -16 -233 -242 -330 -319 -155 -123 -309 -223 -461 -299 l-81 -41 32 46 c18 26 49 83 70 128 143 306 141 649 -6 957 -25 52 -61 116 -79 142 l-34 47 45 -20 c26 -10 76 -36 113 -56z m-2057 25 c-40 -58 -105 -190 -130 -263 -110 -324 -59 -707 132 -981 25 -35 42 -64 37 -64 -19 0 -241 119 -326 174 -188 122 -406 314 -532 468 l-58 71 108 103 c185 178 428 349 672 473 66 33 121 60 123 61 2 0 -10 -19 -26 -42z\"\/><path d=\"M2375 1950 c-198 -44 -350 -190 -395 -379 -18 -76 -8 -221 19 -290 114 -284 457 -406 731 -260 98 52 188 154 231 260 27 69 37 214 19 290 -38 163 -166 304 -326 360 -67 23 -215 33 -279 19z\"\/><\/g><\/svg><\/i> <img loading=\"lazy\" decoding=\"async\" width=\"16\" height=\"16\" alt=\"Loading\" src=\"https:\/\/tuvch.mx\/noticias\/wp-content\/plugins\/page-views-count\/ajax-loader-2x.gif\" border=0 \/><\/p><div class=\"pvc_clear\"><\/div>\n<ul class=\"wp-block-list\">\n<li><em>A un a\u00f1o de la inauguraci\u00f3n de TUVCH Radio, el Tecnol\u00f3gico Universitario del Valle de Chalco, celebra con orgullo el primer aniversario de su se\u00f1al online, la cual, forma parte de la <strong>Red de Radios Jesuitas de M\u00e9xico<\/strong>.<\/em><\/li>\n<\/ul>\n\n\n\n<figure class=\"wp-block-image size-large\"><img loading=\"lazy\" decoding=\"async\" width=\"1024\" height=\"576\" src=\"https:\/\/tuvch.mx\/noticias\/wp-content\/uploads\/2024\/01\/Participacion-estudiantil-1024x576.jpg\" alt=\"\" class=\"wp-image-435\" srcset=\"https:\/\/tuvch.mx\/noticias\/wp-content\/uploads\/2024\/01\/Participacion-estudiantil-980x551.jpg 980w, https:\/\/tuvch.mx\/noticias\/wp-content\/uploads\/2024\/01\/Participacion-estudiantil-480x270.jpg 480w\" sizes=\"(min-width: 0px) and (max-width: 480px) 480px, (min-width: 481px) and (max-width: 980px) 980px, (min-width: 981px) 1024px, 100vw\" \/><\/figure>\n\n\n\n<p>Esta se\u00f1al es una radio universitaria en l\u00ednea de uso no comercial y concesi\u00f3n social, si bien celebramos un a\u00f1o desde que se inaugur\u00f3 oficialmente, este es un proyecto que naci\u00f3 tiempo atr\u00e1s gracias a iniciativas de la comunidad estudiantil, docente y administrativa, y con el apoyo operativo de&nbsp;<strong>IBERO 90.9, de la Universidad Iberoamericana Ciudad de M\u00e9xico.<\/strong> Este proyecto tiene como objetivo primordial, reforzar la misi\u00f3n social, acad\u00e9mica y cultural de la instituci\u00f3n, vincul\u00e1ndose con diferentes actores.<\/p>\n\n\n\n<p>Desarrollar y cimentar TUVCH Radio en el Valle de Chalco durante el 2023, fue un trayecto lleno de descubrimientos y desaf\u00edos gratificantes. Este proyecto es un compromiso significativo, especialmente al radicar en una zona exponencial de crecimiento del Estado de M\u00e9xico, donde no solo representa un medio de entretenimiento, sino que es una herramienta clave para abordar los retos educativos de manera integral y dar voz tanto a las personas que conforman la comunidad universitaria como a la sociedad donde se encuentra inserta.<\/p>\n\n\n\n<p>A lo largo de este primer a\u00f1o de estar al aire, la cabina de TUVCH Radio se ha visto inundada por las voces vibrantes y llenas de emoci\u00f3n de estudiantes de la instituci\u00f3n, permiti\u00e9ndoles hacer eco de sus emociones, de sus sue\u00f1os y sus preocupaciones. As\u00ed mismo, ha capturado las voces de docentes y administrativos, de colectivos y organizaciones que trabajan a favor los Derechos Humanos y v\u00edctimas, defensa del territorio y medio ambiente, entre otros. Y cabe resaltar que tambi\u00e9n este espacio vio nacer a Axolotl, esa entra\u00f1able mascota del pescador de Xico que personifica a la mascota del TUVCH: el Ajolote.<\/p>\n\n\n\n<figure class=\"wp-block-gallery has-nested-images columns-default is-cropped wp-block-gallery-1 is-layout-flex wp-block-gallery-is-layout-flex\">\n<figure class=\"wp-block-image size-large\"><img loading=\"lazy\" decoding=\"async\" width=\"1024\" height=\"683\" data-id=\"437\" src=\"https:\/\/tuvch.mx\/noticias\/wp-content\/uploads\/2024\/01\/Encuentros-interuniversitarios-1024x683.jpg\" alt=\"\" class=\"wp-image-437\" srcset=\"https:\/\/tuvch.mx\/noticias\/wp-content\/uploads\/2024\/01\/Encuentros-interuniversitarios-980x653.jpg 980w, https:\/\/tuvch.mx\/noticias\/wp-content\/uploads\/2024\/01\/Encuentros-interuniversitarios-480x320.jpg 480w\" sizes=\"(min-width: 0px) and (max-width: 480px) 480px, (min-width: 481px) and (max-width: 980px) 980px, (min-width: 981px) 1024px, 100vw\" \/><\/figure>\n\n\n\n<figure class=\"wp-block-image size-large\"><img loading=\"lazy\" decoding=\"async\" width=\"1024\" height=\"683\" data-id=\"442\" src=\"https:\/\/tuvch.mx\/noticias\/wp-content\/uploads\/2024\/01\/IMG_9845-1024x683.jpg\" alt=\"\" class=\"wp-image-442\" srcset=\"https:\/\/tuvch.mx\/noticias\/wp-content\/uploads\/2024\/01\/IMG_9845-980x653.jpg 980w, https:\/\/tuvch.mx\/noticias\/wp-content\/uploads\/2024\/01\/IMG_9845-480x320.jpg 480w\" sizes=\"(min-width: 0px) and (max-width: 480px) 480px, (min-width: 481px) and (max-width: 980px) 980px, (min-width: 981px) 1024px, 100vw\" \/><\/figure>\n\n\n\n<figure class=\"wp-block-image size-large\"><img loading=\"lazy\" decoding=\"async\" width=\"1024\" height=\"683\" data-id=\"438\" src=\"https:\/\/tuvch.mx\/noticias\/wp-content\/uploads\/2024\/01\/Colectivos-1024x683.jpg\" alt=\"\" class=\"wp-image-438\" srcset=\"https:\/\/tuvch.mx\/noticias\/wp-content\/uploads\/2024\/01\/Colectivos-980x653.jpg 980w, https:\/\/tuvch.mx\/noticias\/wp-content\/uploads\/2024\/01\/Colectivos-480x320.jpg 480w\" sizes=\"(min-width: 0px) and (max-width: 480px) 480px, (min-width: 481px) and (max-width: 980px) 980px, (min-width: 981px) 1024px, 100vw\" \/><\/figure>\n<\/figure>\n\n\n\n<p>As\u00ed pues, despu\u00e9s de 12 meses de trabajo interno en la Direcci\u00f3n del Medio Universitario, vinculaci\u00f3n con las radios hermanas del Sistema Universitario Jesuita, el apoyo de la Dra. Mar\u00eda Adriana Jim\u00e9nez Romero, Directora General del Tecnol\u00f3gico Universitario del Valle de Chalco, y sobre todo, la participaci\u00f3n de la Comunidad Universitaria, se ha dado como resultado una se\u00f1al de radio online en crecimiento que ha evolucionado su identidad a lo largo de su primer a\u00f1o de existencia, y que espera continuar creciendo en este 2024 siendo el canal de comunicaci\u00f3n para dar voz a aquellas y aquellos que quieren ser escuchados. TUVCH Radio seguir\u00e1 innovando y ofreciendo contenido relevante que adem\u00e1s de ser fuente de entretenimiento, contribuya al desarrollo educativo y cultural de su comunidad.<\/p>\n\n\n\n<p><em>\u201cTUVCH Radio, la radio en l\u00ednea del Tecnol\u00f3gico Universitario del Valle de Chalco: una se\u00f1al de inspiraci\u00f3n\u201d<\/em><\/p>\n\n\n\n<p class=\"has-text-align-right\"><em>Por Antonio Moreno y Blanca Guti\u00e9rrez<\/em><\/p>\n","protected":false},"excerpt":{"rendered":"<div class=\"pvc_clear\"><\/div>\n<p id=\"pvc_stats_433\" class=\"pvc_stats all  \" data-element-id=\"433\" style=\"\"><i class=\"pvc-stats-icon medium\" aria-hidden=\"true\"><svg xmlns=\"http:\/\/www.w3.org\/2000\/svg\" version=\"1.0\" viewBox=\"0 0 502 315\" preserveAspectRatio=\"xMidYMid meet\"><g transform=\"translate(0,332) scale(0.1,-0.1)\" fill=\"\" stroke=\"none\"><path d=\"M2394 3279 l-29 -30 -3 -207 c-2 -182 0 -211 15 -242 39 -76 157 -76 196 0 15 31 17 60 15 243 l-3 209 -33 29 c-26 23 -41 29 -80 29 -41 0 -53 -5 -78 -31z\"\/><path d=\"M3085 3251 c-45 -19 -58 -50 -96 -229 -47 -217 -49 -260 -13 -295 52 -53 146 -42 177 20 16 31 87 366 87 410 0 70 -86 122 -155 94z\"\/><path d=\"M1751 3234 c-13 -9 -29 -31 -37 -50 -12 -29 -10 -49 21 -204 19 -94 39 -189 45 -210 14 -50 54 -80 110 -80 34 0 48 6 76 34 21 21 34 44 34 59 0 14 -18 113 -40 219 -37 178 -43 195 -70 221 -36 32 -101 37 -139 11z\"\/><path d=\"M1163 3073 c-36 -7 -73 -59 -73 -102 0 -56 133 -378 171 -413 34 -32 83 -37 129 -13 70 36 67 87 -16 290 -86 209 -89 214 -129 231 -35 14 -42 15 -82 7z\"\/><path d=\"M3689 3066 c-15 -9 -33 -30 -42 -48 -48 -103 -147 -355 -147 -375 0 -98 131 -148 192 -74 13 15 57 108 97 206 80 196 84 226 37 273 -30 30 -99 39 -137 18z\"\/><path d=\"M583 2784 c-38 -19 -67 -74 -58 -113 9 -42 211 -354 242 -373 16 -10 45 -18 66 -18 51 0 107 52 107 100 0 39 -1 41 -124 234 -80 126 -108 162 -133 173 -41 17 -61 16 -100 -3z\"\/><path d=\"M4250 2784 c-14 -9 -74 -91 -133 -183 -95 -150 -107 -173 -107 -213 0 -55 33 -94 87 -104 67 -13 90 8 211 198 130 202 137 225 78 284 -27 27 -42 34 -72 34 -22 0 -50 -8 -64 -16z\"\/><path d=\"M2275 2693 c-553 -48 -1095 -270 -1585 -649 -135 -104 -459 -423 -483 -476 -23 -49 -22 -139 2 -186 73 -142 361 -457 571 -626 285 -228 642 -407 990 -497 242 -63 336 -73 660 -74 310 0 370 5 595 52 535 111 1045 392 1455 803 122 121 250 273 275 326 19 41 19 137 0 174 -41 79 -309 363 -465 492 -447 370 -946 591 -1479 653 -113 14 -422 18 -536 8z m395 -428 c171 -34 330 -124 456 -258 112 -119 167 -219 211 -378 27 -96 24 -300 -5 -401 -72 -255 -236 -447 -474 -557 -132 -62 -201 -76 -368 -76 -167 0 -236 14 -368 76 -213 98 -373 271 -451 485 -162 444 86 934 547 1084 153 49 292 57 452 25z m909 -232 c222 -123 408 -262 593 -441 76 -74 138 -139 138 -144 0 -16 -233 -242 -330 -319 -155 -123 -309 -223 -461 -299 l-81 -41 32 46 c18 26 49 83 70 128 143 306 141 649 -6 957 -25 52 -61 116 -79 142 l-34 47 45 -20 c26 -10 76 -36 113 -56z m-2057 25 c-40 -58 -105 -190 -130 -263 -110 -324 -59 -707 132 -981 25 -35 42 -64 37 -64 -19 0 -241 119 -326 174 -188 122 -406 314 -532 468 l-58 71 108 103 c185 178 428 349 672 473 66 33 121 60 123 61 2 0 -10 -19 -26 -42z\"\/><path d=\"M2375 1950 c-198 -44 -350 -190 -395 -379 -18 -76 -8 -221 19 -290 114 -284 457 -406 731 -260 98 52 188 154 231 260 27 69 37 214 19 290 -38 163 -166 304 -326 360 -67 23 -215 33 -279 19z\"\/><\/g><\/svg><\/i> <img loading=\"lazy\" decoding=\"async\" width=\"16\" height=\"16\" alt=\"Loading\" src=\"https:\/\/tuvch.mx\/noticias\/wp-content\/plugins\/page-views-count\/ajax-loader-2x.gif\" border=0 \/><\/p>\n<div class=\"pvc_clear\"><\/div>\n<p>Esta se\u00f1al es una radio universitaria en l\u00ednea de uso no comercial y concesi\u00f3n social, si bien celebramos un a\u00f1o desde que se inaugur\u00f3 oficialmente, este es un proyecto que naci\u00f3 tiempo atr\u00e1s gracias a iniciativas de la comunidad estudiantil, docente y administrativa, y con el apoyo operativo de&nbsp;IBERO 90.9, de la Universidad Iberoamericana Ciudad [&hellip;]<\/p>\n","protected":false},"author":5,"featured_media":434,"comment_status":"closed","ping_status":"open","sticky":false,"template":"","format":"standard","meta":{"_et_pb_use_builder":"off","_et_pb_old_content":"","_et_gb_content_width":"","footnotes":""},"categories":[8,2],"tags":[],"class_list":["post-433","post","type-post","status-publish","format-standard","has-post-thumbnail","hentry","category-informativa","category-notas"],"_links":{"self":[{"href":"https:\/\/tuvch.mx\/noticias\/index.php?rest_route=\/wp\/v2\/posts\/433","targetHints":{"allow":["GET"]}}],"collection":[{"href":"https:\/\/tuvch.mx\/noticias\/index.php?rest_route=\/wp\/v2\/posts"}],"about":[{"href":"https:\/\/tuvch.mx\/noticias\/index.php?rest_route=\/wp\/v2\/types\/post"}],"author":[{"embeddable":true,"href":"https:\/\/tuvch.mx\/noticias\/index.php?rest_route=\/wp\/v2\/users\/5"}],"replies":[{"embeddable":true,"href":"https:\/\/tuvch.mx\/noticias\/index.php?rest_route=%2Fwp%2Fv2%2Fcomments&post=433"}],"version-history":[{"count":4,"href":"https:\/\/tuvch.mx\/noticias\/index.php?rest_route=\/wp\/v2\/posts\/433\/revisions"}],"predecessor-version":[{"id":446,"href":"https:\/\/tuvch.mx\/noticias\/index.php?rest_route=\/wp\/v2\/posts\/433\/revisions\/446"}],"wp:featuredmedia":[{"embeddable":true,"href":"https:\/\/tuvch.mx\/noticias\/index.php?rest_route=\/wp\/v2\/media\/434"}],"wp:attachment":[{"href":"https:\/\/tuvch.mx\/noticias\/index.php?rest_route=%2Fwp%2Fv2%2Fmedia&parent=433"}],"wp:term":[{"taxonomy":"category","embeddable":true,"href":"https:\/\/tuvch.mx\/noticias\/index.php?rest_route=%2Fwp%2Fv2%2Fcategories&post=433"},{"taxonomy":"post_tag","embeddable":true,"href":"https:\/\/tuvch.mx\/noticias\/index.php?rest_route=%2Fwp%2Fv2%2Ftags&post=433"}],"curies":[{"name":"wp","href":"https:\/\/api.w.org\/{rel}","templated":true}]}}