{"id":526,"date":"2024-04-11T14:37:45","date_gmt":"2024-04-11T14:37:45","guid":{"rendered":"https:\/\/tuvch.mx\/noticias\/?p=526"},"modified":"2024-06-04T16:50:19","modified_gmt":"2024-06-04T16:50:19","slug":"nuevo-gimnasio-tuvch-una-iniciativa-estudiantil-y-proyecto-entre-universidades-hermanas","status":"publish","type":"post","link":"https:\/\/tuvch.mx\/noticias\/?p=526","title":{"rendered":"Nuevo Gimnasio TUVCH: Una iniciativa estudiantil y proyecto entre universidades hermanas"},"content":{"rendered":"<div class=\"pvc_clear\"><\/div><p id=\"pvc_stats_526\" class=\"pvc_stats all  \" data-element-id=\"526\" style=\"\"><i class=\"pvc-stats-icon medium\" aria-hidden=\"true\"><svg xmlns=\"http:\/\/www.w3.org\/2000\/svg\" version=\"1.0\" viewBox=\"0 0 502 315\" preserveAspectRatio=\"xMidYMid meet\"><g transform=\"translate(0,332) scale(0.1,-0.1)\" fill=\"\" stroke=\"none\"><path d=\"M2394 3279 l-29 -30 -3 -207 c-2 -182 0 -211 15 -242 39 -76 157 -76 196 0 15 31 17 60 15 243 l-3 209 -33 29 c-26 23 -41 29 -80 29 -41 0 -53 -5 -78 -31z\"\/><path d=\"M3085 3251 c-45 -19 -58 -50 -96 -229 -47 -217 -49 -260 -13 -295 52 -53 146 -42 177 20 16 31 87 366 87 410 0 70 -86 122 -155 94z\"\/><path d=\"M1751 3234 c-13 -9 -29 -31 -37 -50 -12 -29 -10 -49 21 -204 19 -94 39 -189 45 -210 14 -50 54 -80 110 -80 34 0 48 6 76 34 21 21 34 44 34 59 0 14 -18 113 -40 219 -37 178 -43 195 -70 221 -36 32 -101 37 -139 11z\"\/><path d=\"M1163 3073 c-36 -7 -73 -59 -73 -102 0 -56 133 -378 171 -413 34 -32 83 -37 129 -13 70 36 67 87 -16 290 -86 209 -89 214 -129 231 -35 14 -42 15 -82 7z\"\/><path d=\"M3689 3066 c-15 -9 -33 -30 -42 -48 -48 -103 -147 -355 -147 -375 0 -98 131 -148 192 -74 13 15 57 108 97 206 80 196 84 226 37 273 -30 30 -99 39 -137 18z\"\/><path d=\"M583 2784 c-38 -19 -67 -74 -58 -113 9 -42 211 -354 242 -373 16 -10 45 -18 66 -18 51 0 107 52 107 100 0 39 -1 41 -124 234 -80 126 -108 162 -133 173 -41 17 -61 16 -100 -3z\"\/><path d=\"M4250 2784 c-14 -9 -74 -91 -133 -183 -95 -150 -107 -173 -107 -213 0 -55 33 -94 87 -104 67 -13 90 8 211 198 130 202 137 225 78 284 -27 27 -42 34 -72 34 -22 0 -50 -8 -64 -16z\"\/><path d=\"M2275 2693 c-553 -48 -1095 -270 -1585 -649 -135 -104 -459 -423 -483 -476 -23 -49 -22 -139 2 -186 73 -142 361 -457 571 -626 285 -228 642 -407 990 -497 242 -63 336 -73 660 -74 310 0 370 5 595 52 535 111 1045 392 1455 803 122 121 250 273 275 326 19 41 19 137 0 174 -41 79 -309 363 -465 492 -447 370 -946 591 -1479 653 -113 14 -422 18 -536 8z m395 -428 c171 -34 330 -124 456 -258 112 -119 167 -219 211 -378 27 -96 24 -300 -5 -401 -72 -255 -236 -447 -474 -557 -132 -62 -201 -76 -368 -76 -167 0 -236 14 -368 76 -213 98 -373 271 -451 485 -162 444 86 934 547 1084 153 49 292 57 452 25z m909 -232 c222 -123 408 -262 593 -441 76 -74 138 -139 138 -144 0 -16 -233 -242 -330 -319 -155 -123 -309 -223 -461 -299 l-81 -41 32 46 c18 26 49 83 70 128 143 306 141 649 -6 957 -25 52 -61 116 -79 142 l-34 47 45 -20 c26 -10 76 -36 113 -56z m-2057 25 c-40 -58 -105 -190 -130 -263 -110 -324 -59 -707 132 -981 25 -35 42 -64 37 -64 -19 0 -241 119 -326 174 -188 122 -406 314 -532 468 l-58 71 108 103 c185 178 428 349 672 473 66 33 121 60 123 61 2 0 -10 -19 -26 -42z\"\/><path d=\"M2375 1950 c-198 -44 -350 -190 -395 -379 -18 -76 -8 -221 19 -290 114 -284 457 -406 731 -260 98 52 188 154 231 260 27 69 37 214 19 290 -38 163 -166 304 -326 360 -67 23 -215 33 -279 19z\"\/><\/g><\/svg><\/i> <img loading=\"lazy\" decoding=\"async\" width=\"16\" height=\"16\" alt=\"Loading\" src=\"https:\/\/tuvch.mx\/noticias\/wp-content\/plugins\/page-views-count\/ajax-loader-2x.gif\" border=0 \/><\/p><div class=\"pvc_clear\"><\/div>\n<p>El pasado mes de marzo, el Tecnol\u00f3gico Universitario del Valle de Chalco (TUVCH), celebr\u00f3 con alegr\u00eda la inauguraci\u00f3n de su gimnasio: resultado de una iniciativa estudiantil y la vinculaci\u00f3n con la Universidad Iberoamericana Ciudad de M\u00e9xico (IBERO CDMX).<\/p>\n\n\n\n<p>La misi\u00f3n del TUVCH es formar profesionistas competentes para la transformaci\u00f3n social, objetivo que se fomenta desde la formaci\u00f3n de las y los estudiantes de T\u00e9cnico Superior Universitario, apostando al desarrollo de proyectos que incidan en su propia realidad. Bajo este contexto, durante el semestre oto\u00f1o 2023, estudiantes de la carrera de Mantenimiento Industrial1 propusieron un proyecto para mejorar el bienestar de toda la comunidad universitaria. Su iniciativa consisti\u00f3 en acondicionar un espacio del campus, destinado a convertirse en un gimnasio abierto tanto para estudiantes, como para docentes y personal administrativo de la universidad, donde pudiesen obtener efectos positivos en su salud mediante la realizaci\u00f3n de ejercicio.<\/p>\n\n\n\n<p>Dicho proyecto, fruto de la gesti\u00f3n interna y la vinculaci\u00f3n entre hom\u00f3logos TUVCH-IBERO CDMX, fue inaugurado el 1\u00b0 de marzo del presente a\u00f1o bajo la direcci\u00f3n del Programa de Deporte y Bienestar y la Coordinaci\u00f3n del Centro de Formaci\u00f3n Integral Adolfo Nicol\u00e1s, S. J., con apoyo de la Comunidad de Representantes de Carrera y Organizaciones Estudiantiles (CROE): \u201cLo que antes era mi sue\u00f1o, ahora es el sue\u00f1o de todes. Estoy de verdad muy contento y feliz porque este espacio es un sue\u00f1o que ha permitido desarrollarme y encontrar a otras personas en mi camino; es el esfuerzo de mucha gente y el resultado de la organizaci\u00f3n de estudiantes\u201d.<\/p>\n\n\n\n<figure class=\"wp-block-gallery aligncenter has-nested-images columns-default is-cropped wp-block-gallery-1 is-layout-flex wp-block-gallery-is-layout-flex\">\n<figure class=\"wp-block-image size-large\"><img loading=\"lazy\" decoding=\"async\" width=\"1024\" height=\"683\" data-id=\"530\" src=\"https:\/\/tuvch.mx\/noticias\/wp-content\/uploads\/2024\/06\/Discurso-CROE-1024x683.jpg\" alt=\"\" class=\"wp-image-530\" srcset=\"https:\/\/tuvch.mx\/noticias\/wp-content\/uploads\/2024\/06\/Discurso-CROE-980x653.jpg 980w, https:\/\/tuvch.mx\/noticias\/wp-content\/uploads\/2024\/06\/Discurso-CROE-480x320.jpg 480w\" sizes=\"(min-width: 0px) and (max-width: 480px) 480px, (min-width: 481px) and (max-width: 980px) 980px, (min-width: 981px) 1024px, 100vw\" \/><\/figure>\n\n\n\n<figure class=\"wp-block-image size-large\"><img loading=\"lazy\" decoding=\"async\" width=\"1024\" height=\"683\" data-id=\"529\" src=\"https:\/\/tuvch.mx\/noticias\/wp-content\/uploads\/2024\/06\/Entrega-de-reconocimiento-por-personal-IBERO-1024x683.jpg\" alt=\"\" class=\"wp-image-529\" srcset=\"https:\/\/tuvch.mx\/noticias\/wp-content\/uploads\/2024\/06\/Entrega-de-reconocimiento-por-personal-IBERO-980x653.jpg 980w, https:\/\/tuvch.mx\/noticias\/wp-content\/uploads\/2024\/06\/Entrega-de-reconocimiento-por-personal-IBERO-480x320.jpg 480w\" sizes=\"(min-width: 0px) and (max-width: 480px) 480px, (min-width: 481px) and (max-width: 980px) 980px, (min-width: 981px) 1024px, 100vw\" \/><\/figure>\n\n\n\n<figure class=\"wp-block-image size-large\"><img loading=\"lazy\" decoding=\"async\" width=\"1024\" height=\"683\" data-id=\"528\" src=\"https:\/\/tuvch.mx\/noticias\/wp-content\/uploads\/2024\/06\/Integrantes-CROE-de-la-iniciativa-1024x683.jpg\" alt=\"\" class=\"wp-image-528\" srcset=\"https:\/\/tuvch.mx\/noticias\/wp-content\/uploads\/2024\/06\/Integrantes-CROE-de-la-iniciativa-980x653.jpg 980w, https:\/\/tuvch.mx\/noticias\/wp-content\/uploads\/2024\/06\/Integrantes-CROE-de-la-iniciativa-480x320.jpg 480w\" sizes=\"(min-width: 0px) and (max-width: 480px) 480px, (min-width: 481px) and (max-width: 980px) 980px, (min-width: 981px) 1024px, 100vw\" \/><\/figure>\n<\/figure>\n\n\n\n<p>A unos meses de su apertura, el Gimnasio TUVCH se ha convertido en un espacio de integraci\u00f3n comunitaria, de acompa\u00f1amiento y cuidado de la salud, donde se realiza actividad f\u00edsica como parte de una formaci\u00f3n integral de profesionistas, por ejemplo, el uso de las instalaciones por las y los estudiantes como actividad diaria, la preparaci\u00f3n de los equipos deportivos representativos para el InterSUJ Guadalajara 2024, as\u00ed como la participaci\u00f3n constante en talleres de entrenamiento funcional y GAP (gl\u00fateo, abdomen y pierna).<\/p>\n\n\n\n<p>A pesar del \u00e9xito inicial, se reconoce que las instalaciones actuales son insuficientes, por lo que se est\u00e1 evaluando la posibilidad de ampliar el \u00e1rea y buscar donaciones de equipo y material. Agradecemos especialmente el ofrecimiento de la Universidad Iberoamericana de donar equipo de pesas en un futuro cercano.<\/p>\n\n\n\n<p>Por tales colaboraciones en la materializaci\u00f3n de este proyecto, el Tecnol\u00f3gico Universitario del Valle de Chalco expresa su m\u00e1s sincero agradecimiento a todas las personas e instituciones que han apoyado esta iniciativa estudiantil, adem\u00e1s de ser part\u00edcipes de mejorar la salud y bienestar de nuestra comunidad.<\/p>\n\n\n\n<p>\u00a1La Ibero tambi\u00e9n es parte de este sue\u00f1o!<\/p>\n","protected":false},"excerpt":{"rendered":"<div class=\"pvc_clear\"><\/div>\n<p id=\"pvc_stats_526\" class=\"pvc_stats all  \" data-element-id=\"526\" style=\"\"><i class=\"pvc-stats-icon medium\" aria-hidden=\"true\"><svg xmlns=\"http:\/\/www.w3.org\/2000\/svg\" version=\"1.0\" viewBox=\"0 0 502 315\" preserveAspectRatio=\"xMidYMid meet\"><g transform=\"translate(0,332) scale(0.1,-0.1)\" fill=\"\" stroke=\"none\"><path d=\"M2394 3279 l-29 -30 -3 -207 c-2 -182 0 -211 15 -242 39 -76 157 -76 196 0 15 31 17 60 15 243 l-3 209 -33 29 c-26 23 -41 29 -80 29 -41 0 -53 -5 -78 -31z\"\/><path d=\"M3085 3251 c-45 -19 -58 -50 -96 -229 -47 -217 -49 -260 -13 -295 52 -53 146 -42 177 20 16 31 87 366 87 410 0 70 -86 122 -155 94z\"\/><path d=\"M1751 3234 c-13 -9 -29 -31 -37 -50 -12 -29 -10 -49 21 -204 19 -94 39 -189 45 -210 14 -50 54 -80 110 -80 34 0 48 6 76 34 21 21 34 44 34 59 0 14 -18 113 -40 219 -37 178 -43 195 -70 221 -36 32 -101 37 -139 11z\"\/><path d=\"M1163 3073 c-36 -7 -73 -59 -73 -102 0 -56 133 -378 171 -413 34 -32 83 -37 129 -13 70 36 67 87 -16 290 -86 209 -89 214 -129 231 -35 14 -42 15 -82 7z\"\/><path d=\"M3689 3066 c-15 -9 -33 -30 -42 -48 -48 -103 -147 -355 -147 -375 0 -98 131 -148 192 -74 13 15 57 108 97 206 80 196 84 226 37 273 -30 30 -99 39 -137 18z\"\/><path d=\"M583 2784 c-38 -19 -67 -74 -58 -113 9 -42 211 -354 242 -373 16 -10 45 -18 66 -18 51 0 107 52 107 100 0 39 -1 41 -124 234 -80 126 -108 162 -133 173 -41 17 -61 16 -100 -3z\"\/><path d=\"M4250 2784 c-14 -9 -74 -91 -133 -183 -95 -150 -107 -173 -107 -213 0 -55 33 -94 87 -104 67 -13 90 8 211 198 130 202 137 225 78 284 -27 27 -42 34 -72 34 -22 0 -50 -8 -64 -16z\"\/><path d=\"M2275 2693 c-553 -48 -1095 -270 -1585 -649 -135 -104 -459 -423 -483 -476 -23 -49 -22 -139 2 -186 73 -142 361 -457 571 -626 285 -228 642 -407 990 -497 242 -63 336 -73 660 -74 310 0 370 5 595 52 535 111 1045 392 1455 803 122 121 250 273 275 326 19 41 19 137 0 174 -41 79 -309 363 -465 492 -447 370 -946 591 -1479 653 -113 14 -422 18 -536 8z m395 -428 c171 -34 330 -124 456 -258 112 -119 167 -219 211 -378 27 -96 24 -300 -5 -401 -72 -255 -236 -447 -474 -557 -132 -62 -201 -76 -368 -76 -167 0 -236 14 -368 76 -213 98 -373 271 -451 485 -162 444 86 934 547 1084 153 49 292 57 452 25z m909 -232 c222 -123 408 -262 593 -441 76 -74 138 -139 138 -144 0 -16 -233 -242 -330 -319 -155 -123 -309 -223 -461 -299 l-81 -41 32 46 c18 26 49 83 70 128 143 306 141 649 -6 957 -25 52 -61 116 -79 142 l-34 47 45 -20 c26 -10 76 -36 113 -56z m-2057 25 c-40 -58 -105 -190 -130 -263 -110 -324 -59 -707 132 -981 25 -35 42 -64 37 -64 -19 0 -241 119 -326 174 -188 122 -406 314 -532 468 l-58 71 108 103 c185 178 428 349 672 473 66 33 121 60 123 61 2 0 -10 -19 -26 -42z\"\/><path d=\"M2375 1950 c-198 -44 -350 -190 -395 -379 -18 -76 -8 -221 19 -290 114 -284 457 -406 731 -260 98 52 188 154 231 260 27 69 37 214 19 290 -38 163 -166 304 -326 360 -67 23 -215 33 -279 19z\"\/><\/g><\/svg><\/i> <img loading=\"lazy\" decoding=\"async\" width=\"16\" height=\"16\" alt=\"Loading\" src=\"https:\/\/tuvch.mx\/noticias\/wp-content\/plugins\/page-views-count\/ajax-loader-2x.gif\" border=0 \/><\/p>\n<div class=\"pvc_clear\"><\/div>\n<p>El pasado mes de marzo, el Tecnol\u00f3gico Universitario del Valle de Chalco (TUVCH), celebr\u00f3 con alegr\u00eda la inauguraci\u00f3n de su gimnasio: resultado de una iniciativa estudiantil y la vinculaci\u00f3n con la Universidad Iberoamericana Ciudad de M\u00e9xico (IBERO CDMX). La misi\u00f3n del TUVCH es formar profesionistas competentes para la transformaci\u00f3n social, objetivo que se fomenta desde [&hellip;]<\/p>\n","protected":false},"author":7,"featured_media":527,"comment_status":"closed","ping_status":"open","sticky":false,"template":"","format":"standard","meta":{"give_campaign_id":0,"_et_pb_use_builder":"off","_et_pb_old_content":"","_et_gb_content_width":"","footnotes":""},"categories":[8,2],"tags":[],"class_list":["post-526","post","type-post","status-publish","format-standard","has-post-thumbnail","hentry","category-informativa","category-notas"],"a3_pvc":{"activated":true,"total_views":14,"today_views":0},"_links":{"self":[{"href":"https:\/\/tuvch.mx\/noticias\/index.php?rest_route=\/wp\/v2\/posts\/526","targetHints":{"allow":["GET"]}}],"collection":[{"href":"https:\/\/tuvch.mx\/noticias\/index.php?rest_route=\/wp\/v2\/posts"}],"about":[{"href":"https:\/\/tuvch.mx\/noticias\/index.php?rest_route=\/wp\/v2\/types\/post"}],"author":[{"embeddable":true,"href":"https:\/\/tuvch.mx\/noticias\/index.php?rest_route=\/wp\/v2\/users\/7"}],"replies":[{"embeddable":true,"href":"https:\/\/tuvch.mx\/noticias\/index.php?rest_route=%2Fwp%2Fv2%2Fcomments&post=526"}],"version-history":[{"count":2,"href":"https:\/\/tuvch.mx\/noticias\/index.php?rest_route=\/wp\/v2\/posts\/526\/revisions"}],"predecessor-version":[{"id":538,"href":"https:\/\/tuvch.mx\/noticias\/index.php?rest_route=\/wp\/v2\/posts\/526\/revisions\/538"}],"wp:featuredmedia":[{"embeddable":true,"href":"https:\/\/tuvch.mx\/noticias\/index.php?rest_route=\/wp\/v2\/media\/527"}],"wp:attachment":[{"href":"https:\/\/tuvch.mx\/noticias\/index.php?rest_route=%2Fwp%2Fv2%2Fmedia&parent=526"}],"wp:term":[{"taxonomy":"category","embeddable":true,"href":"https:\/\/tuvch.mx\/noticias\/index.php?rest_route=%2Fwp%2Fv2%2Fcategories&post=526"},{"taxonomy":"post_tag","embeddable":true,"href":"https:\/\/tuvch.mx\/noticias\/index.php?rest_route=%2Fwp%2Fv2%2Ftags&post=526"}],"curies":[{"name":"wp","href":"https:\/\/api.w.org\/{rel}","templated":true}]}}