{"id":618,"date":"2024-11-30T20:36:55","date_gmt":"2024-11-30T20:36:55","guid":{"rendered":"https:\/\/tuvch.mx\/noticias\/?p=618"},"modified":"2024-12-05T22:40:18","modified_gmt":"2024-12-05T22:40:18","slug":"feria-de-empleo-tuvch-2024-un-puente-entre-el-talento-y-las-oportunidades","status":"publish","type":"post","link":"https:\/\/tuvch.mx\/noticias\/?p=618","title":{"rendered":"Feria de Empleo TUVCH: un puente entre el talento y las oportunidades"},"content":{"rendered":"<div class=\"pvc_clear\"><\/div><p id=\"pvc_stats_618\" class=\"pvc_stats all  \" data-element-id=\"618\" style=\"\"><i class=\"pvc-stats-icon medium\" aria-hidden=\"true\"><svg xmlns=\"http:\/\/www.w3.org\/2000\/svg\" version=\"1.0\" viewBox=\"0 0 502 315\" preserveAspectRatio=\"xMidYMid meet\"><g transform=\"translate(0,332) scale(0.1,-0.1)\" fill=\"\" stroke=\"none\"><path d=\"M2394 3279 l-29 -30 -3 -207 c-2 -182 0 -211 15 -242 39 -76 157 -76 196 0 15 31 17 60 15 243 l-3 209 -33 29 c-26 23 -41 29 -80 29 -41 0 -53 -5 -78 -31z\"\/><path d=\"M3085 3251 c-45 -19 -58 -50 -96 -229 -47 -217 -49 -260 -13 -295 52 -53 146 -42 177 20 16 31 87 366 87 410 0 70 -86 122 -155 94z\"\/><path d=\"M1751 3234 c-13 -9 -29 -31 -37 -50 -12 -29 -10 -49 21 -204 19 -94 39 -189 45 -210 14 -50 54 -80 110 -80 34 0 48 6 76 34 21 21 34 44 34 59 0 14 -18 113 -40 219 -37 178 -43 195 -70 221 -36 32 -101 37 -139 11z\"\/><path d=\"M1163 3073 c-36 -7 -73 -59 -73 -102 0 -56 133 -378 171 -413 34 -32 83 -37 129 -13 70 36 67 87 -16 290 -86 209 -89 214 -129 231 -35 14 -42 15 -82 7z\"\/><path d=\"M3689 3066 c-15 -9 -33 -30 -42 -48 -48 -103 -147 -355 -147 -375 0 -98 131 -148 192 -74 13 15 57 108 97 206 80 196 84 226 37 273 -30 30 -99 39 -137 18z\"\/><path d=\"M583 2784 c-38 -19 -67 -74 -58 -113 9 -42 211 -354 242 -373 16 -10 45 -18 66 -18 51 0 107 52 107 100 0 39 -1 41 -124 234 -80 126 -108 162 -133 173 -41 17 -61 16 -100 -3z\"\/><path d=\"M4250 2784 c-14 -9 -74 -91 -133 -183 -95 -150 -107 -173 -107 -213 0 -55 33 -94 87 -104 67 -13 90 8 211 198 130 202 137 225 78 284 -27 27 -42 34 -72 34 -22 0 -50 -8 -64 -16z\"\/><path d=\"M2275 2693 c-553 -48 -1095 -270 -1585 -649 -135 -104 -459 -423 -483 -476 -23 -49 -22 -139 2 -186 73 -142 361 -457 571 -626 285 -228 642 -407 990 -497 242 -63 336 -73 660 -74 310 0 370 5 595 52 535 111 1045 392 1455 803 122 121 250 273 275 326 19 41 19 137 0 174 -41 79 -309 363 -465 492 -447 370 -946 591 -1479 653 -113 14 -422 18 -536 8z m395 -428 c171 -34 330 -124 456 -258 112 -119 167 -219 211 -378 27 -96 24 -300 -5 -401 -72 -255 -236 -447 -474 -557 -132 -62 -201 -76 -368 -76 -167 0 -236 14 -368 76 -213 98 -373 271 -451 485 -162 444 86 934 547 1084 153 49 292 57 452 25z m909 -232 c222 -123 408 -262 593 -441 76 -74 138 -139 138 -144 0 -16 -233 -242 -330 -319 -155 -123 -309 -223 -461 -299 l-81 -41 32 46 c18 26 49 83 70 128 143 306 141 649 -6 957 -25 52 -61 116 -79 142 l-34 47 45 -20 c26 -10 76 -36 113 -56z m-2057 25 c-40 -58 -105 -190 -130 -263 -110 -324 -59 -707 132 -981 25 -35 42 -64 37 -64 -19 0 -241 119 -326 174 -188 122 -406 314 -532 468 l-58 71 108 103 c185 178 428 349 672 473 66 33 121 60 123 61 2 0 -10 -19 -26 -42z\"\/><path d=\"M2375 1950 c-198 -44 -350 -190 -395 -379 -18 -76 -8 -221 19 -290 114 -284 457 -406 731 -260 98 52 188 154 231 260 27 69 37 214 19 290 -38 163 -166 304 -326 360 -67 23 -215 33 -279 19z\"\/><\/g><\/svg><\/i> <img loading=\"lazy\" decoding=\"async\" width=\"16\" height=\"16\" alt=\"Loading\" src=\"https:\/\/tuvch.mx\/noticias\/wp-content\/plugins\/page-views-count\/ajax-loader-2x.gif\" border=0 \/><\/p><div class=\"pvc_clear\"><\/div>\n<p>Por primera vez, el Tecnol\u00f3gico Universitario del Valle de Chalco (TUVCH), en colaboraci\u00f3n con la Secretar\u00eda del Trabajo del Estado de M\u00e9xico, llev\u00f3 a cabo la Feria de Empleo TUVCH 2024, en la cual se congregaron m\u00e1s de 30 empresas de sector industrial, de servicios, salud, tecnolog\u00eda, educaci\u00f3n, entre otras, con el prop\u00f3sito de conectar a j\u00f3venes talentosos con las mejores oportunidades laborales de la regi\u00f3n.<\/p>\n\n\n\n<figure class=\"wp-block-gallery has-nested-images columns-default is-cropped wp-block-gallery-1 is-layout-flex wp-block-gallery-is-layout-flex\">\n<figure class=\"wp-block-image size-large\"><img loading=\"lazy\" decoding=\"async\" width=\"1024\" height=\"682\" data-id=\"623\" src=\"https:\/\/tuvch.mx\/noticias\/wp-content\/uploads\/2024\/12\/2-1-1024x682.jpeg\" alt=\"\" class=\"wp-image-623\" srcset=\"https:\/\/tuvch.mx\/noticias\/wp-content\/uploads\/2024\/12\/2-1-980x653.jpeg 980w, https:\/\/tuvch.mx\/noticias\/wp-content\/uploads\/2024\/12\/2-1-480x320.jpeg 480w\" sizes=\"(min-width: 0px) and (max-width: 480px) 480px, (min-width: 481px) and (max-width: 980px) 980px, (min-width: 981px) 1024px, 100vw\" \/><\/figure>\n\n\n\n<figure class=\"wp-block-image size-large\"><img loading=\"lazy\" decoding=\"async\" width=\"1024\" height=\"682\" data-id=\"621\" src=\"https:\/\/tuvch.mx\/noticias\/wp-content\/uploads\/2024\/12\/3-1-1024x682.jpeg\" alt=\"\" class=\"wp-image-621\" srcset=\"https:\/\/tuvch.mx\/noticias\/wp-content\/uploads\/2024\/12\/3-1-980x653.jpeg 980w, https:\/\/tuvch.mx\/noticias\/wp-content\/uploads\/2024\/12\/3-1-480x320.jpeg 480w\" sizes=\"(min-width: 0px) and (max-width: 480px) 480px, (min-width: 481px) and (max-width: 980px) 980px, (min-width: 981px) 1024px, 100vw\" \/><\/figure>\n\n\n\n<figure class=\"wp-block-image size-large\"><img loading=\"lazy\" decoding=\"async\" width=\"1024\" height=\"682\" data-id=\"622\" src=\"https:\/\/tuvch.mx\/noticias\/wp-content\/uploads\/2024\/12\/1-1-1-1024x682.jpeg\" alt=\"\" class=\"wp-image-622\" srcset=\"https:\/\/tuvch.mx\/noticias\/wp-content\/uploads\/2024\/12\/1-1-1-980x653.jpeg 980w, https:\/\/tuvch.mx\/noticias\/wp-content\/uploads\/2024\/12\/1-1-1-480x320.jpeg 480w\" sizes=\"(min-width: 0px) and (max-width: 480px) 480px, (min-width: 481px) and (max-width: 980px) 980px, (min-width: 981px) 1024px, 100vw\" \/><\/figure>\n<\/figure>\n\n\n\n<p>La feria, realizada el pasado 28 de noviembre de 2024 en las instalaciones del Tecnol\u00f3gico, cont\u00f3 con la participaci\u00f3n de la Lic. Guadalupe Garc\u00eda Aguilar, Coordinadora Regional de la Secretar\u00eda del Trabajo del Gobierno del Estado de M\u00e9xico y el Mtro. V\u00edctor Hugo Hern\u00e1ndez Ju\u00e1rez; y, representando al TUVCH, la Dra. Mar\u00eda Adriana Jim\u00e9nez Romero, Directora General, el Lic. Carlos de Jes\u00fas Jim\u00e9nez Esquivel, Director de Desarrollo y Fomento Institucional, la Mtra. Georgina Carrera, Responsable del Programa de Egresados y Empleabilidad del TUVCH, as\u00ed como un invitado especial representante de la comunidad de egresadas y egresados de la instituci\u00f3n. educativa.<\/p>\n\n\n\n<p>Este encuentro representa un paso importante en la vinculaci\u00f3n entre el sector gubernamental, empresarial y acad\u00e9mico, consolidando al TUVCH como una instituci\u00f3n comprometida con el desarrollo integral de la regi\u00f3n. Adem\u00e1s, contribuye al crecimiento y desarrollo del municipio de Valle de Chalco y alrededores. Gracias a la colaboraci\u00f3n con la Secretar\u00eda del Trabajo del Estado de M\u00e9xico, con estas iniciativas se contin\u00faa trabajando incansablemente para crear las condiciones que garanticen el acceso al empleo digno, bien remunerado y con prestaciones justas para todas y todos. Tal como mencion\u00f3 en su discurso de bienvenida la Coordinadora Regional de la Secretar\u00eda del Trabajo del Gobierno del Estado de M\u00e9xico \u201cla Feria de Empleo del Tecnol\u00f3gico Universitario del Valle de Chalco no solo re\u00fane a j\u00f3venes en busca de su primer empleo, sino que tambi\u00e9n re\u00fane a empresas visionarias que entienden la importancia de incorporar el talento de nuestros j\u00f3venes egresados, especialmente en \u00e1reas de alta demanda como la tecnolog\u00eda\u201d.<\/p>\n\n\n\n<figure class=\"wp-block-gallery has-nested-images columns-default is-cropped wp-block-gallery-2 is-layout-flex wp-block-gallery-is-layout-flex\">\n<figure class=\"wp-block-image size-large\"><img loading=\"lazy\" decoding=\"async\" width=\"1024\" height=\"682\" data-id=\"625\" src=\"https:\/\/tuvch.mx\/noticias\/wp-content\/uploads\/2024\/12\/11-1024x682.jpeg\" alt=\"\" class=\"wp-image-625\" srcset=\"https:\/\/tuvch.mx\/noticias\/wp-content\/uploads\/2024\/12\/11-980x653.jpeg 980w, https:\/\/tuvch.mx\/noticias\/wp-content\/uploads\/2024\/12\/11-480x320.jpeg 480w\" sizes=\"(min-width: 0px) and (max-width: 480px) 480px, (min-width: 481px) and (max-width: 980px) 980px, (min-width: 981px) 1024px, 100vw\" \/><\/figure>\n\n\n\n<figure class=\"wp-block-image size-large\"><img loading=\"lazy\" decoding=\"async\" width=\"1024\" height=\"682\" data-id=\"624\" src=\"https:\/\/tuvch.mx\/noticias\/wp-content\/uploads\/2024\/12\/9-1024x682.jpeg\" alt=\"\" class=\"wp-image-624\" srcset=\"https:\/\/tuvch.mx\/noticias\/wp-content\/uploads\/2024\/12\/9-980x653.jpeg 980w, https:\/\/tuvch.mx\/noticias\/wp-content\/uploads\/2024\/12\/9-480x320.jpeg 480w\" sizes=\"(min-width: 0px) and (max-width: 480px) 480px, (min-width: 481px) and (max-width: 980px) 980px, (min-width: 981px) 1024px, 100vw\" \/><\/figure>\n<\/figure>\n\n\n\n<p>Asimismo, el Director de Desarrollo y Fomento Institucional del Tecnol\u00f3gico, agradeci\u00f3 a las empresas participantes que se sumaron a la iniciativa, por ofrecer oportunidades laborales justas, competitivas y valiosas para la comunidad asistente, adem\u00e1s de reafirmar el compromiso del TUVCH de ser un puente entre la academia, el gobierno y la iniciativa privada, impulsando acciones que buscan consolidar a\u00fan m\u00e1s y mejores alternativas laborales para las personas habitantes de la regi\u00f3n, bajo la firme convicci\u00f3n de que la vinculaci\u00f3n y el trabajo conjunto son esenciales para el desarrollo econ\u00f3mico y social de la comunidad.<\/p>\n\n\n\n<p>Previo al corte de list\u00f3n inaugural, la Directora General de la universidad organizadora se\u00f1al\u00f3 que, gracias a una vinculaci\u00f3n de triple h\u00e9lice entre gobierno, empresas y universidad, se concreta el compromiso tripartito gracias al cual el TUVCH, est\u00e1 dispuesto a asumir desde una visi\u00f3n jesuita de justicia social, la labor de fomentar espacios y procesos de aprendizaje para el desarrollo de competencias que favorezcan los perfiles profesionales, y potencien las habilidades de las y los j\u00f3venes que buscan condiciones de vida dignas mediante la opci\u00f3n de un trabajo decente.<\/p>\n\n\n\n<figure class=\"wp-block-gallery has-nested-images columns-default is-cropped wp-block-gallery-3 is-layout-flex wp-block-gallery-is-layout-flex\">\n<figure class=\"wp-block-image size-large\"><img loading=\"lazy\" decoding=\"async\" width=\"1024\" height=\"682\" data-id=\"626\" src=\"https:\/\/tuvch.mx\/noticias\/wp-content\/uploads\/2024\/12\/7-1-1024x682.jpeg\" alt=\"\" class=\"wp-image-626\" srcset=\"https:\/\/tuvch.mx\/noticias\/wp-content\/uploads\/2024\/12\/7-1-980x653.jpeg 980w, https:\/\/tuvch.mx\/noticias\/wp-content\/uploads\/2024\/12\/7-1-480x320.jpeg 480w\" sizes=\"(min-width: 0px) and (max-width: 480px) 480px, (min-width: 481px) and (max-width: 980px) 980px, (min-width: 981px) 1024px, 100vw\" \/><\/figure>\n\n\n\n<figure class=\"wp-block-image size-large\"><img loading=\"lazy\" decoding=\"async\" width=\"1024\" height=\"575\" data-id=\"627\" src=\"https:\/\/tuvch.mx\/noticias\/wp-content\/uploads\/2024\/12\/6-1-1024x575.jpeg\" alt=\"\" class=\"wp-image-627\" srcset=\"https:\/\/tuvch.mx\/noticias\/wp-content\/uploads\/2024\/12\/6-1-980x551.jpeg 980w, https:\/\/tuvch.mx\/noticias\/wp-content\/uploads\/2024\/12\/6-1-480x270.jpeg 480w\" sizes=\"(min-width: 0px) and (max-width: 480px) 480px, (min-width: 481px) and (max-width: 980px) 980px, (min-width: 981px) 1024px, 100vw\" \/><\/figure>\n<\/figure>\n\n\n\n<p>Finalmente, la directora extendi\u00f3 una invitaci\u00f3n a las y los asistentes a participar en las pr\u00f3ximas ediciones de este magno evento, consolidando la Feria del Empleo TUVCH como un referente en la generaci\u00f3n de oportunidades laborales y crecimiento para la comunidad.<\/p>\n","protected":false},"excerpt":{"rendered":"<div class=\"pvc_clear\"><\/div>\n<p id=\"pvc_stats_618\" class=\"pvc_stats all  \" data-element-id=\"618\" style=\"\"><i class=\"pvc-stats-icon medium\" aria-hidden=\"true\"><svg xmlns=\"http:\/\/www.w3.org\/2000\/svg\" version=\"1.0\" viewBox=\"0 0 502 315\" preserveAspectRatio=\"xMidYMid meet\"><g transform=\"translate(0,332) scale(0.1,-0.1)\" fill=\"\" stroke=\"none\"><path d=\"M2394 3279 l-29 -30 -3 -207 c-2 -182 0 -211 15 -242 39 -76 157 -76 196 0 15 31 17 60 15 243 l-3 209 -33 29 c-26 23 -41 29 -80 29 -41 0 -53 -5 -78 -31z\"\/><path d=\"M3085 3251 c-45 -19 -58 -50 -96 -229 -47 -217 -49 -260 -13 -295 52 -53 146 -42 177 20 16 31 87 366 87 410 0 70 -86 122 -155 94z\"\/><path d=\"M1751 3234 c-13 -9 -29 -31 -37 -50 -12 -29 -10 -49 21 -204 19 -94 39 -189 45 -210 14 -50 54 -80 110 -80 34 0 48 6 76 34 21 21 34 44 34 59 0 14 -18 113 -40 219 -37 178 -43 195 -70 221 -36 32 -101 37 -139 11z\"\/><path d=\"M1163 3073 c-36 -7 -73 -59 -73 -102 0 -56 133 -378 171 -413 34 -32 83 -37 129 -13 70 36 67 87 -16 290 -86 209 -89 214 -129 231 -35 14 -42 15 -82 7z\"\/><path d=\"M3689 3066 c-15 -9 -33 -30 -42 -48 -48 -103 -147 -355 -147 -375 0 -98 131 -148 192 -74 13 15 57 108 97 206 80 196 84 226 37 273 -30 30 -99 39 -137 18z\"\/><path d=\"M583 2784 c-38 -19 -67 -74 -58 -113 9 -42 211 -354 242 -373 16 -10 45 -18 66 -18 51 0 107 52 107 100 0 39 -1 41 -124 234 -80 126 -108 162 -133 173 -41 17 -61 16 -100 -3z\"\/><path d=\"M4250 2784 c-14 -9 -74 -91 -133 -183 -95 -150 -107 -173 -107 -213 0 -55 33 -94 87 -104 67 -13 90 8 211 198 130 202 137 225 78 284 -27 27 -42 34 -72 34 -22 0 -50 -8 -64 -16z\"\/><path d=\"M2275 2693 c-553 -48 -1095 -270 -1585 -649 -135 -104 -459 -423 -483 -476 -23 -49 -22 -139 2 -186 73 -142 361 -457 571 -626 285 -228 642 -407 990 -497 242 -63 336 -73 660 -74 310 0 370 5 595 52 535 111 1045 392 1455 803 122 121 250 273 275 326 19 41 19 137 0 174 -41 79 -309 363 -465 492 -447 370 -946 591 -1479 653 -113 14 -422 18 -536 8z m395 -428 c171 -34 330 -124 456 -258 112 -119 167 -219 211 -378 27 -96 24 -300 -5 -401 -72 -255 -236 -447 -474 -557 -132 -62 -201 -76 -368 -76 -167 0 -236 14 -368 76 -213 98 -373 271 -451 485 -162 444 86 934 547 1084 153 49 292 57 452 25z m909 -232 c222 -123 408 -262 593 -441 76 -74 138 -139 138 -144 0 -16 -233 -242 -330 -319 -155 -123 -309 -223 -461 -299 l-81 -41 32 46 c18 26 49 83 70 128 143 306 141 649 -6 957 -25 52 -61 116 -79 142 l-34 47 45 -20 c26 -10 76 -36 113 -56z m-2057 25 c-40 -58 -105 -190 -130 -263 -110 -324 -59 -707 132 -981 25 -35 42 -64 37 -64 -19 0 -241 119 -326 174 -188 122 -406 314 -532 468 l-58 71 108 103 c185 178 428 349 672 473 66 33 121 60 123 61 2 0 -10 -19 -26 -42z\"\/><path d=\"M2375 1950 c-198 -44 -350 -190 -395 -379 -18 -76 -8 -221 19 -290 114 -284 457 -406 731 -260 98 52 188 154 231 260 27 69 37 214 19 290 -38 163 -166 304 -326 360 -67 23 -215 33 -279 19z\"\/><\/g><\/svg><\/i> <img loading=\"lazy\" decoding=\"async\" width=\"16\" height=\"16\" alt=\"Loading\" src=\"https:\/\/tuvch.mx\/noticias\/wp-content\/plugins\/page-views-count\/ajax-loader-2x.gif\" border=0 \/><\/p>\n<div class=\"pvc_clear\"><\/div>\n<p>Por primera vez, el Tecnol\u00f3gico Universitario del Valle de Chalco (TUVCH), en colaboraci\u00f3n con la Secretar\u00eda del Trabajo del Estado de M\u00e9xico, llev\u00f3 a cabo la Feria de Empleo TUVCH 2024, en la cual se congregaron m\u00e1s de 30 empresas de sector industrial, de servicios, salud, tecnolog\u00eda, educaci\u00f3n, entre otras, con el prop\u00f3sito de conectar [&hellip;]<\/p>\n","protected":false},"author":7,"featured_media":619,"comment_status":"open","ping_status":"open","sticky":false,"template":"","format":"standard","meta":{"_et_pb_use_builder":"off","_et_pb_old_content":"","_et_gb_content_width":"","footnotes":""},"categories":[8,2],"tags":[],"class_list":["post-618","post","type-post","status-publish","format-standard","has-post-thumbnail","hentry","category-informativa","category-notas"],"_links":{"self":[{"href":"https:\/\/tuvch.mx\/noticias\/index.php?rest_route=\/wp\/v2\/posts\/618","targetHints":{"allow":["GET"]}}],"collection":[{"href":"https:\/\/tuvch.mx\/noticias\/index.php?rest_route=\/wp\/v2\/posts"}],"about":[{"href":"https:\/\/tuvch.mx\/noticias\/index.php?rest_route=\/wp\/v2\/types\/post"}],"author":[{"embeddable":true,"href":"https:\/\/tuvch.mx\/noticias\/index.php?rest_route=\/wp\/v2\/users\/7"}],"replies":[{"embeddable":true,"href":"https:\/\/tuvch.mx\/noticias\/index.php?rest_route=%2Fwp%2Fv2%2Fcomments&post=618"}],"version-history":[{"count":2,"href":"https:\/\/tuvch.mx\/noticias\/index.php?rest_route=\/wp\/v2\/posts\/618\/revisions"}],"predecessor-version":[{"id":637,"href":"https:\/\/tuvch.mx\/noticias\/index.php?rest_route=\/wp\/v2\/posts\/618\/revisions\/637"}],"wp:featuredmedia":[{"embeddable":true,"href":"https:\/\/tuvch.mx\/noticias\/index.php?rest_route=\/wp\/v2\/media\/619"}],"wp:attachment":[{"href":"https:\/\/tuvch.mx\/noticias\/index.php?rest_route=%2Fwp%2Fv2%2Fmedia&parent=618"}],"wp:term":[{"taxonomy":"category","embeddable":true,"href":"https:\/\/tuvch.mx\/noticias\/index.php?rest_route=%2Fwp%2Fv2%2Fcategories&post=618"},{"taxonomy":"post_tag","embeddable":true,"href":"https:\/\/tuvch.mx\/noticias\/index.php?rest_route=%2Fwp%2Fv2%2Ftags&post=618"}],"curies":[{"name":"wp","href":"https:\/\/api.w.org\/{rel}","templated":true}]}}