{"id":690,"date":"2025-02-13T16:32:19","date_gmt":"2025-02-13T16:32:19","guid":{"rendered":"https:\/\/tuvch.mx\/noticias\/?p=690"},"modified":"2025-03-03T16:45:28","modified_gmt":"2025-03-03T16:45:28","slug":"unidos-por-la-sostenibilidad-y-los-saberes-originariosencuentro-de-saberes-productivos-2025","status":"publish","type":"post","link":"https:\/\/tuvch.mx\/noticias\/?p=690","title":{"rendered":"Unidos por la Sostenibilidad y los Saberes Originarios:Encuentro de Saberes Productivos 2025"},"content":{"rendered":"<div class=\"pvc_clear\"><\/div><p id=\"pvc_stats_690\" class=\"pvc_stats all  \" data-element-id=\"690\" style=\"\"><i class=\"pvc-stats-icon medium\" aria-hidden=\"true\"><svg xmlns=\"http:\/\/www.w3.org\/2000\/svg\" version=\"1.0\" viewBox=\"0 0 502 315\" preserveAspectRatio=\"xMidYMid meet\"><g transform=\"translate(0,332) scale(0.1,-0.1)\" fill=\"\" stroke=\"none\"><path d=\"M2394 3279 l-29 -30 -3 -207 c-2 -182 0 -211 15 -242 39 -76 157 -76 196 0 15 31 17 60 15 243 l-3 209 -33 29 c-26 23 -41 29 -80 29 -41 0 -53 -5 -78 -31z\"\/><path d=\"M3085 3251 c-45 -19 -58 -50 -96 -229 -47 -217 -49 -260 -13 -295 52 -53 146 -42 177 20 16 31 87 366 87 410 0 70 -86 122 -155 94z\"\/><path d=\"M1751 3234 c-13 -9 -29 -31 -37 -50 -12 -29 -10 -49 21 -204 19 -94 39 -189 45 -210 14 -50 54 -80 110 -80 34 0 48 6 76 34 21 21 34 44 34 59 0 14 -18 113 -40 219 -37 178 -43 195 -70 221 -36 32 -101 37 -139 11z\"\/><path d=\"M1163 3073 c-36 -7 -73 -59 -73 -102 0 -56 133 -378 171 -413 34 -32 83 -37 129 -13 70 36 67 87 -16 290 -86 209 -89 214 -129 231 -35 14 -42 15 -82 7z\"\/><path d=\"M3689 3066 c-15 -9 -33 -30 -42 -48 -48 -103 -147 -355 -147 -375 0 -98 131 -148 192 -74 13 15 57 108 97 206 80 196 84 226 37 273 -30 30 -99 39 -137 18z\"\/><path d=\"M583 2784 c-38 -19 -67 -74 -58 -113 9 -42 211 -354 242 -373 16 -10 45 -18 66 -18 51 0 107 52 107 100 0 39 -1 41 -124 234 -80 126 -108 162 -133 173 -41 17 -61 16 -100 -3z\"\/><path d=\"M4250 2784 c-14 -9 -74 -91 -133 -183 -95 -150 -107 -173 -107 -213 0 -55 33 -94 87 -104 67 -13 90 8 211 198 130 202 137 225 78 284 -27 27 -42 34 -72 34 -22 0 -50 -8 -64 -16z\"\/><path d=\"M2275 2693 c-553 -48 -1095 -270 -1585 -649 -135 -104 -459 -423 -483 -476 -23 -49 -22 -139 2 -186 73 -142 361 -457 571 -626 285 -228 642 -407 990 -497 242 -63 336 -73 660 -74 310 0 370 5 595 52 535 111 1045 392 1455 803 122 121 250 273 275 326 19 41 19 137 0 174 -41 79 -309 363 -465 492 -447 370 -946 591 -1479 653 -113 14 -422 18 -536 8z m395 -428 c171 -34 330 -124 456 -258 112 -119 167 -219 211 -378 27 -96 24 -300 -5 -401 -72 -255 -236 -447 -474 -557 -132 -62 -201 -76 -368 -76 -167 0 -236 14 -368 76 -213 98 -373 271 -451 485 -162 444 86 934 547 1084 153 49 292 57 452 25z m909 -232 c222 -123 408 -262 593 -441 76 -74 138 -139 138 -144 0 -16 -233 -242 -330 -319 -155 -123 -309 -223 -461 -299 l-81 -41 32 46 c18 26 49 83 70 128 143 306 141 649 -6 957 -25 52 -61 116 -79 142 l-34 47 45 -20 c26 -10 76 -36 113 -56z m-2057 25 c-40 -58 -105 -190 -130 -263 -110 -324 -59 -707 132 -981 25 -35 42 -64 37 -64 -19 0 -241 119 -326 174 -188 122 -406 314 -532 468 l-58 71 108 103 c185 178 428 349 672 473 66 33 121 60 123 61 2 0 -10 -19 -26 -42z\"\/><path d=\"M2375 1950 c-198 -44 -350 -190 -395 -379 -18 -76 -8 -221 19 -290 114 -284 457 -406 731 -260 98 52 188 154 231 260 27 69 37 214 19 290 -38 163 -166 304 -326 360 -67 23 -215 33 -279 19z\"\/><\/g><\/svg><\/i> <img loading=\"lazy\" decoding=\"async\" width=\"16\" height=\"16\" alt=\"Loading\" src=\"https:\/\/tuvch.mx\/noticias\/wp-content\/plugins\/page-views-count\/ajax-loader-2x.gif\" border=0 \/><\/p><div class=\"pvc_clear\"><\/div>\n<p><\/p>\n\n\n\n<p>El pasado 11 y 12 de febrero se llev\u00f3 a cabo el Encuentro de Saberes Productivos 2025 en el Tecnol\u00f3gico Universitario del Valle de Chalco (TUVCH), un evento que -a\u00f1o con a\u00f1o- se ha realizado en esta casa de estudios y se ha convertido en un referente en el intercambio de conocimientos y experiencias entre diferentes sectores. El tema de esta edici\u00f3n fue: <em>\u201cCulturas en conversaci\u00f3n: ecolog\u00eda de saberes para un presente y futuro sostenible\u201d,<\/em> donde participaron estudiantes, docentes, personas acad\u00e9micas y expertas, personal administrativo y vecinos de la regi\u00f3n oriente del Estado de M\u00e9xico y de la CDMX, en un espacio \u00fanico de aprendizaje y reflexi\u00f3n sobre la importancia de preservar nuestros saberes tradicionales y su papel en la construcci\u00f3n de un futuro m\u00e1s sostenible.<\/p>\n\n\n\n<figure class=\"wp-block-gallery has-nested-images columns-default is-cropped wp-block-gallery-1 is-layout-flex wp-block-gallery-is-layout-flex\">\n<figure class=\"wp-block-image size-large\"><img loading=\"lazy\" decoding=\"async\" width=\"1024\" height=\"682\" data-id=\"692\" src=\"https:\/\/tuvch.mx\/noticias\/wp-content\/uploads\/2025\/03\/WhatsApp-Image-2025-03-03-at-9.59.07-AM-1024x682.jpeg\" alt=\"\" class=\"wp-image-692\" srcset=\"https:\/\/tuvch.mx\/noticias\/wp-content\/uploads\/2025\/03\/WhatsApp-Image-2025-03-03-at-9.59.07-AM-980x653.jpeg 980w, https:\/\/tuvch.mx\/noticias\/wp-content\/uploads\/2025\/03\/WhatsApp-Image-2025-03-03-at-9.59.07-AM-480x320.jpeg 480w\" sizes=\"(min-width: 0px) and (max-width: 480px) 480px, (min-width: 481px) and (max-width: 980px) 980px, (min-width: 981px) 1024px, 100vw\" \/><\/figure>\n\n\n\n<figure class=\"wp-block-image size-large\"><img loading=\"lazy\" decoding=\"async\" width=\"1024\" height=\"682\" data-id=\"693\" src=\"https:\/\/tuvch.mx\/noticias\/wp-content\/uploads\/2025\/03\/WhatsApp-Image-2025-03-03-at-9.58.47-AM-1024x682.jpeg\" alt=\"\" class=\"wp-image-693\" srcset=\"https:\/\/tuvch.mx\/noticias\/wp-content\/uploads\/2025\/03\/WhatsApp-Image-2025-03-03-at-9.58.47-AM-980x653.jpeg 980w, https:\/\/tuvch.mx\/noticias\/wp-content\/uploads\/2025\/03\/WhatsApp-Image-2025-03-03-at-9.58.47-AM-480x320.jpeg 480w\" sizes=\"(min-width: 0px) and (max-width: 480px) 480px, (min-width: 481px) and (max-width: 980px) 980px, (min-width: 981px) 1024px, 100vw\" \/><\/figure>\n\n\n\n<figure class=\"wp-block-image size-large\"><img loading=\"lazy\" decoding=\"async\" width=\"320\" height=\"210\" data-id=\"691\" src=\"https:\/\/tuvch.mx\/noticias\/wp-content\/uploads\/2025\/03\/Captura-de-pantalla-completa-24022025-111741-p.-m.jpg\" alt=\"\" class=\"wp-image-691\" srcset=\"https:\/\/tuvch.mx\/noticias\/wp-content\/uploads\/2025\/03\/Captura-de-pantalla-completa-24022025-111741-p.-m.jpg 320w, https:\/\/tuvch.mx\/noticias\/wp-content\/uploads\/2025\/03\/Captura-de-pantalla-completa-24022025-111741-p.-m-300x197.jpg 300w\" sizes=\"(max-width: 320px) 100vw, 320px\" \/><\/figure>\n<\/figure>\n\n\n\n<p>Durante ambos d\u00edas, las y los asistentes participaron en conferencias magistrales, talleres, mesas de trabajo y pl\u00e1ticas enfocadas en tem\u00e1ticas clave como tecnolog\u00edas sostenibles, educaci\u00f3n intercultural, derechos ind\u00edgenas, y la urgente necesidad por la conservaci\u00f3n del ajolote, especie emblem\u00e1tica del ecosistema mexicano y que, adem\u00e1s es la querida mascota institucional del TUVCH.<\/p>\n\n\n\n<p>Entre las actividades destacadas, la Conferencia Magistral de la Mtra. Citlal Solano Lara, abord\u00f3 la conexi\u00f3n entre los saberes tradicionales y la agroecolog\u00eda en el siglo XXI, un tema que sigue ganando importancia en el mundo de la sostenibilidad global. Asimismo, las y los asistentes tuvieron la oportunidad de participar en actividades recreativas a trav\u00e9s de talleres, tales como: <em>\u201cElaboraci\u00f3n de Cerveza\u201d<\/em>, <em>\u201cGastronom\u00eda prehisp\u00e1nica: rescate del molcajete. Elaboraci\u00f3n de salsas&#8221;,<\/em> <em>&#8220;Al rescate del sabor casero (elaboraci\u00f3n de mermelada y chilitos en vinagre)&#8221; y \u201cOjos de Dios: El arte del tejido\u201d.<\/em><\/p>\n\n\n\n<p>Por su parte, la Mesa de Trabajo: <em>&#8220;Metodolog\u00edas participativas para detectar problem\u00e1ticas de movilidad en las zonas suburbanas y rurales&#8221;, impartida<\/em> por estudiantes de la TSU en Administraci\u00f3n de Autotransporte y Log\u00edstica del TUVCH, aport\u00f3 un an\u00e1lisis profundo sobre la movilidad en contextos espec\u00edficos, fomentando el di\u00e1logo y la b\u00fasqueda de soluciones innovadoras.<\/p>\n\n\n\n<figure class=\"wp-block-gallery has-nested-images columns-default is-cropped wp-block-gallery-2 is-layout-flex wp-block-gallery-is-layout-flex\">\n<figure class=\"wp-block-image size-large\"><img loading=\"lazy\" decoding=\"async\" width=\"1024\" height=\"682\" data-id=\"696\" src=\"https:\/\/tuvch.mx\/noticias\/wp-content\/uploads\/2025\/03\/WhatsApp-Image-2025-03-03-at-9.58.43-AM-1024x682.jpeg\" alt=\"\" class=\"wp-image-696\" srcset=\"https:\/\/tuvch.mx\/noticias\/wp-content\/uploads\/2025\/03\/WhatsApp-Image-2025-03-03-at-9.58.43-AM-980x653.jpeg 980w, https:\/\/tuvch.mx\/noticias\/wp-content\/uploads\/2025\/03\/WhatsApp-Image-2025-03-03-at-9.58.43-AM-480x320.jpeg 480w\" sizes=\"(min-width: 0px) and (max-width: 480px) 480px, (min-width: 481px) and (max-width: 980px) 980px, (min-width: 981px) 1024px, 100vw\" \/><\/figure>\n\n\n\n<figure class=\"wp-block-image size-large\"><img loading=\"lazy\" decoding=\"async\" width=\"1024\" height=\"682\" data-id=\"695\" src=\"https:\/\/tuvch.mx\/noticias\/wp-content\/uploads\/2025\/03\/WhatsApp-Image-2025-03-03-at-9.58.44-AM-1024x682.jpeg\" alt=\"\" class=\"wp-image-695\" srcset=\"https:\/\/tuvch.mx\/noticias\/wp-content\/uploads\/2025\/03\/WhatsApp-Image-2025-03-03-at-9.58.44-AM-980x653.jpeg 980w, https:\/\/tuvch.mx\/noticias\/wp-content\/uploads\/2025\/03\/WhatsApp-Image-2025-03-03-at-9.58.44-AM-480x320.jpeg 480w\" sizes=\"(min-width: 0px) and (max-width: 480px) 480px, (min-width: 481px) and (max-width: 980px) 980px, (min-width: 981px) 1024px, 100vw\" \/><\/figure>\n<\/figure>\n\n\n\n<p>El Encuentro de Saberes Productivos, que realiza el TUVCH desde hace a\u00f1os, no solo promueve el conocimiento, sino que tambi\u00e9n es una puerta abierta al arte y la cultura, tal y como se reflej\u00f3 a trav\u00e9s de la venta de artesan\u00edas y productos locales, brindando un espacio para el reconocimiento del trabajo artesanal. Adem\u00e1s, la m\u00fasica en vivo de la Orquesta Sinf\u00f3nica Infantil Xochipilli y del Ensamble Musical del TUVCH, se encargaron de llenar de armon\u00eda el ambiente para el gozo de todas y todos los asistentes.<\/p>\n\n\n\n<p>Mediante este encuentro, el TUVCH reafirma su compromiso con la educaci\u00f3n, la sostenibilidad y la integraci\u00f3n de saberes ancestrales con propuestas contempor\u00e1neas para enfrentar los desaf\u00edos actuales, creando un espacio para que todas las personas -desde estudiantes hasta expertas- puedan aportar ideas para trabajar juntas por la transformaci\u00f3n de un futuro m\u00e1s justo, sostenible y respetuoso con nuestras tradiciones.<\/p>\n","protected":false},"excerpt":{"rendered":"<div class=\"pvc_clear\"><\/div>\n<p id=\"pvc_stats_690\" class=\"pvc_stats all  \" data-element-id=\"690\" style=\"\"><i class=\"pvc-stats-icon medium\" aria-hidden=\"true\"><svg xmlns=\"http:\/\/www.w3.org\/2000\/svg\" version=\"1.0\" viewBox=\"0 0 502 315\" preserveAspectRatio=\"xMidYMid meet\"><g transform=\"translate(0,332) scale(0.1,-0.1)\" fill=\"\" stroke=\"none\"><path d=\"M2394 3279 l-29 -30 -3 -207 c-2 -182 0 -211 15 -242 39 -76 157 -76 196 0 15 31 17 60 15 243 l-3 209 -33 29 c-26 23 -41 29 -80 29 -41 0 -53 -5 -78 -31z\"\/><path d=\"M3085 3251 c-45 -19 -58 -50 -96 -229 -47 -217 -49 -260 -13 -295 52 -53 146 -42 177 20 16 31 87 366 87 410 0 70 -86 122 -155 94z\"\/><path d=\"M1751 3234 c-13 -9 -29 -31 -37 -50 -12 -29 -10 -49 21 -204 19 -94 39 -189 45 -210 14 -50 54 -80 110 -80 34 0 48 6 76 34 21 21 34 44 34 59 0 14 -18 113 -40 219 -37 178 -43 195 -70 221 -36 32 -101 37 -139 11z\"\/><path d=\"M1163 3073 c-36 -7 -73 -59 -73 -102 0 -56 133 -378 171 -413 34 -32 83 -37 129 -13 70 36 67 87 -16 290 -86 209 -89 214 -129 231 -35 14 -42 15 -82 7z\"\/><path d=\"M3689 3066 c-15 -9 -33 -30 -42 -48 -48 -103 -147 -355 -147 -375 0 -98 131 -148 192 -74 13 15 57 108 97 206 80 196 84 226 37 273 -30 30 -99 39 -137 18z\"\/><path d=\"M583 2784 c-38 -19 -67 -74 -58 -113 9 -42 211 -354 242 -373 16 -10 45 -18 66 -18 51 0 107 52 107 100 0 39 -1 41 -124 234 -80 126 -108 162 -133 173 -41 17 -61 16 -100 -3z\"\/><path d=\"M4250 2784 c-14 -9 -74 -91 -133 -183 -95 -150 -107 -173 -107 -213 0 -55 33 -94 87 -104 67 -13 90 8 211 198 130 202 137 225 78 284 -27 27 -42 34 -72 34 -22 0 -50 -8 -64 -16z\"\/><path d=\"M2275 2693 c-553 -48 -1095 -270 -1585 -649 -135 -104 -459 -423 -483 -476 -23 -49 -22 -139 2 -186 73 -142 361 -457 571 -626 285 -228 642 -407 990 -497 242 -63 336 -73 660 -74 310 0 370 5 595 52 535 111 1045 392 1455 803 122 121 250 273 275 326 19 41 19 137 0 174 -41 79 -309 363 -465 492 -447 370 -946 591 -1479 653 -113 14 -422 18 -536 8z m395 -428 c171 -34 330 -124 456 -258 112 -119 167 -219 211 -378 27 -96 24 -300 -5 -401 -72 -255 -236 -447 -474 -557 -132 -62 -201 -76 -368 -76 -167 0 -236 14 -368 76 -213 98 -373 271 -451 485 -162 444 86 934 547 1084 153 49 292 57 452 25z m909 -232 c222 -123 408 -262 593 -441 76 -74 138 -139 138 -144 0 -16 -233 -242 -330 -319 -155 -123 -309 -223 -461 -299 l-81 -41 32 46 c18 26 49 83 70 128 143 306 141 649 -6 957 -25 52 -61 116 -79 142 l-34 47 45 -20 c26 -10 76 -36 113 -56z m-2057 25 c-40 -58 -105 -190 -130 -263 -110 -324 -59 -707 132 -981 25 -35 42 -64 37 -64 -19 0 -241 119 -326 174 -188 122 -406 314 -532 468 l-58 71 108 103 c185 178 428 349 672 473 66 33 121 60 123 61 2 0 -10 -19 -26 -42z\"\/><path d=\"M2375 1950 c-198 -44 -350 -190 -395 -379 -18 -76 -8 -221 19 -290 114 -284 457 -406 731 -260 98 52 188 154 231 260 27 69 37 214 19 290 -38 163 -166 304 -326 360 -67 23 -215 33 -279 19z\"\/><\/g><\/svg><\/i> <img loading=\"lazy\" decoding=\"async\" width=\"16\" height=\"16\" alt=\"Loading\" src=\"https:\/\/tuvch.mx\/noticias\/wp-content\/plugins\/page-views-count\/ajax-loader-2x.gif\" border=0 \/><\/p>\n<div class=\"pvc_clear\"><\/div>\n<p>El pasado 11 y 12 de febrero se llev\u00f3 a cabo el Encuentro de Saberes Productivos 2025 en el Tecnol\u00f3gico Universitario del Valle de Chalco (TUVCH), un evento que -a\u00f1o con a\u00f1o- se ha realizado en esta casa de estudios y se ha convertido en un referente en el intercambio de conocimientos y experiencias entre [&hellip;]<\/p>\n","protected":false},"author":5,"featured_media":694,"comment_status":"open","ping_status":"open","sticky":false,"template":"","format":"standard","meta":{"give_campaign_id":0,"_et_pb_use_builder":"off","_et_pb_old_content":"","_et_gb_content_width":"","footnotes":""},"categories":[2,13],"tags":[],"class_list":["post-690","post","type-post","status-publish","format-standard","has-post-thumbnail","hentry","category-notas","category-noticias"],"a3_pvc":{"activated":true,"total_views":15,"today_views":0},"_links":{"self":[{"href":"https:\/\/tuvch.mx\/noticias\/index.php?rest_route=\/wp\/v2\/posts\/690","targetHints":{"allow":["GET"]}}],"collection":[{"href":"https:\/\/tuvch.mx\/noticias\/index.php?rest_route=\/wp\/v2\/posts"}],"about":[{"href":"https:\/\/tuvch.mx\/noticias\/index.php?rest_route=\/wp\/v2\/types\/post"}],"author":[{"embeddable":true,"href":"https:\/\/tuvch.mx\/noticias\/index.php?rest_route=\/wp\/v2\/users\/5"}],"replies":[{"embeddable":true,"href":"https:\/\/tuvch.mx\/noticias\/index.php?rest_route=%2Fwp%2Fv2%2Fcomments&post=690"}],"version-history":[{"count":1,"href":"https:\/\/tuvch.mx\/noticias\/index.php?rest_route=\/wp\/v2\/posts\/690\/revisions"}],"predecessor-version":[{"id":697,"href":"https:\/\/tuvch.mx\/noticias\/index.php?rest_route=\/wp\/v2\/posts\/690\/revisions\/697"}],"wp:featuredmedia":[{"embeddable":true,"href":"https:\/\/tuvch.mx\/noticias\/index.php?rest_route=\/wp\/v2\/media\/694"}],"wp:attachment":[{"href":"https:\/\/tuvch.mx\/noticias\/index.php?rest_route=%2Fwp%2Fv2%2Fmedia&parent=690"}],"wp:term":[{"taxonomy":"category","embeddable":true,"href":"https:\/\/tuvch.mx\/noticias\/index.php?rest_route=%2Fwp%2Fv2%2Fcategories&post=690"},{"taxonomy":"post_tag","embeddable":true,"href":"https:\/\/tuvch.mx\/noticias\/index.php?rest_route=%2Fwp%2Fv2%2Ftags&post=690"}],"curies":[{"name":"wp","href":"https:\/\/api.w.org\/{rel}","templated":true}]}}