{"id":746,"date":"2025-05-26T18:41:24","date_gmt":"2025-05-26T18:41:24","guid":{"rendered":"https:\/\/tuvch.mx\/noticias\/?p=746"},"modified":"2025-06-11T15:59:13","modified_gmt":"2025-06-11T15:59:13","slug":"el-tuvch-presente-en-la-inauguracion-de-la-exposicion-fotografica-alas-sobre-el-lago-una-mirada-a-las-aves-de-tlahuac-xico","status":"publish","type":"post","link":"https:\/\/tuvch.mx\/noticias\/?p=746","title":{"rendered":"El TUVCH participa en la inauguraci\u00f3n de la exposici\u00f3n fotogr\u00e1fica &#8220;Alas sobre el lago: Una mirada a las aves de Tl\u00e1huac-Xico\u201d"},"content":{"rendered":"<div class=\"pvc_clear\"><\/div><p id=\"pvc_stats_746\" class=\"pvc_stats all  \" data-element-id=\"746\" style=\"\"><i class=\"pvc-stats-icon medium\" aria-hidden=\"true\"><svg xmlns=\"http:\/\/www.w3.org\/2000\/svg\" version=\"1.0\" viewBox=\"0 0 502 315\" preserveAspectRatio=\"xMidYMid meet\"><g transform=\"translate(0,332) scale(0.1,-0.1)\" fill=\"\" stroke=\"none\"><path d=\"M2394 3279 l-29 -30 -3 -207 c-2 -182 0 -211 15 -242 39 -76 157 -76 196 0 15 31 17 60 15 243 l-3 209 -33 29 c-26 23 -41 29 -80 29 -41 0 -53 -5 -78 -31z\"\/><path d=\"M3085 3251 c-45 -19 -58 -50 -96 -229 -47 -217 -49 -260 -13 -295 52 -53 146 -42 177 20 16 31 87 366 87 410 0 70 -86 122 -155 94z\"\/><path d=\"M1751 3234 c-13 -9 -29 -31 -37 -50 -12 -29 -10 -49 21 -204 19 -94 39 -189 45 -210 14 -50 54 -80 110 -80 34 0 48 6 76 34 21 21 34 44 34 59 0 14 -18 113 -40 219 -37 178 -43 195 -70 221 -36 32 -101 37 -139 11z\"\/><path d=\"M1163 3073 c-36 -7 -73 -59 -73 -102 0 -56 133 -378 171 -413 34 -32 83 -37 129 -13 70 36 67 87 -16 290 -86 209 -89 214 -129 231 -35 14 -42 15 -82 7z\"\/><path d=\"M3689 3066 c-15 -9 -33 -30 -42 -48 -48 -103 -147 -355 -147 -375 0 -98 131 -148 192 -74 13 15 57 108 97 206 80 196 84 226 37 273 -30 30 -99 39 -137 18z\"\/><path d=\"M583 2784 c-38 -19 -67 -74 -58 -113 9 -42 211 -354 242 -373 16 -10 45 -18 66 -18 51 0 107 52 107 100 0 39 -1 41 -124 234 -80 126 -108 162 -133 173 -41 17 -61 16 -100 -3z\"\/><path d=\"M4250 2784 c-14 -9 -74 -91 -133 -183 -95 -150 -107 -173 -107 -213 0 -55 33 -94 87 -104 67 -13 90 8 211 198 130 202 137 225 78 284 -27 27 -42 34 -72 34 -22 0 -50 -8 -64 -16z\"\/><path d=\"M2275 2693 c-553 -48 -1095 -270 -1585 -649 -135 -104 -459 -423 -483 -476 -23 -49 -22 -139 2 -186 73 -142 361 -457 571 -626 285 -228 642 -407 990 -497 242 -63 336 -73 660 -74 310 0 370 5 595 52 535 111 1045 392 1455 803 122 121 250 273 275 326 19 41 19 137 0 174 -41 79 -309 363 -465 492 -447 370 -946 591 -1479 653 -113 14 -422 18 -536 8z m395 -428 c171 -34 330 -124 456 -258 112 -119 167 -219 211 -378 27 -96 24 -300 -5 -401 -72 -255 -236 -447 -474 -557 -132 -62 -201 -76 -368 -76 -167 0 -236 14 -368 76 -213 98 -373 271 -451 485 -162 444 86 934 547 1084 153 49 292 57 452 25z m909 -232 c222 -123 408 -262 593 -441 76 -74 138 -139 138 -144 0 -16 -233 -242 -330 -319 -155 -123 -309 -223 -461 -299 l-81 -41 32 46 c18 26 49 83 70 128 143 306 141 649 -6 957 -25 52 -61 116 -79 142 l-34 47 45 -20 c26 -10 76 -36 113 -56z m-2057 25 c-40 -58 -105 -190 -130 -263 -110 -324 -59 -707 132 -981 25 -35 42 -64 37 -64 -19 0 -241 119 -326 174 -188 122 -406 314 -532 468 l-58 71 108 103 c185 178 428 349 672 473 66 33 121 60 123 61 2 0 -10 -19 -26 -42z\"\/><path d=\"M2375 1950 c-198 -44 -350 -190 -395 -379 -18 -76 -8 -221 19 -290 114 -284 457 -406 731 -260 98 52 188 154 231 260 27 69 37 214 19 290 -38 163 -166 304 -326 360 -67 23 -215 33 -279 19z\"\/><\/g><\/svg><\/i> <img loading=\"lazy\" decoding=\"async\" width=\"16\" height=\"16\" alt=\"Loading\" src=\"https:\/\/tuvch.mx\/noticias\/wp-content\/plugins\/page-views-count\/ajax-loader-2x.gif\" border=0 \/><\/p><div class=\"pvc_clear\"><\/div>\n<p><\/p>\n\n\n\n<blockquote class=\"wp-block-quote is-layout-flow wp-block-quote-is-layout-flow\">\n<p><em>\u201cPorque todas las criaturas est\u00e1n conectadas, cada una debe ser valorada con afecto y admiraci\u00f3n, todos los seres nos necesitamos unos a otros. Cada territorio tiene una responsabilidad en el cuidado de esta familia, por lo cual deber\u00eda hacer un cuidadoso inventario de las especies que alberga en orden a desarrollar programas y estrategias de protecci\u00f3n&#8230;\u201d (Laudato Si\u2019, 42)<\/em><\/p>\n<\/blockquote>\n\n\n\n<figure class=\"wp-block-image aligncenter size-full\"><img loading=\"lazy\" decoding=\"async\" width=\"919\" height=\"386\" src=\"https:\/\/tuvch.mx\/noticias\/wp-content\/uploads\/2025\/05\/Foto-1.jpg\" alt=\"\" class=\"wp-image-751\" srcset=\"https:\/\/tuvch.mx\/noticias\/wp-content\/uploads\/2025\/05\/Foto-1.jpg 919w, https:\/\/tuvch.mx\/noticias\/wp-content\/uploads\/2025\/05\/Foto-1-480x202.jpg 480w\" sizes=\"(min-width: 0px) and (max-width: 480px) 480px, (min-width: 481px) 919px, 100vw\" \/><figcaption class=\"wp-element-caption\"><em>Imagen tomada de APRN Lago Tl\u00e1huac-Xico, Facebook, 21 de mayo de 2025. Enlace: [<a href=\"https:\/\/goo.su\/jL7LT6o\">https:\/\/goo.su\/jL7LT6o<\/a>]<\/em><\/figcaption><\/figure>\n\n\n\n<p>El pasado 16 de mayo, en el marco del D\u00eda Internacional de las Aves Migratorias, el Programa de Sustentabilidad, del Centro de Derechos Humanos y Sustentabilidad, Segundo Montes S. J. del Tecnol\u00f3gico Universitario de Valle de Chalco, tuvo el gusto y placer de formar parte de la ceremonia de corte de list\u00f3n durante la inauguraci\u00f3n de la exposici\u00f3n fotogr\u00e1fica: \u201cAlas sobre el lago; una mirada a las aves de Tl\u00e1huac-Xico\u201d, llevada a cabo en el Centro de Educaci\u00f3n Ambiental de Acuexcomatl, San Luis Tlaxialtemanco, Xochimilco. Actividad efectuada por la Direcci\u00f3n del \u00c1rea de Protecci\u00f3n de Recursos Naturales (APRN) Lago Tl\u00e1huac-Xico de la Comisi\u00f3n Nacional de \u00c1reas Naturales Protegidas.<\/p>\n\n\n\n<p>En la exposici\u00f3n se presentaron 64 fotograf\u00edas tomadas por las brigadas de monitoreo biol\u00f3gico comunitario del Programa para la Protecci\u00f3n y Restauraci\u00f3n de Ecosistemas y Especies Prioritarias (PROREST) y la Direcci\u00f3n de la APRN Lago Tl\u00e1huac-Xico, en donde se muestra la gran diversidad de aves acu\u00e1ticas y terrestres presentes en el \u00e1rea natural protegida, a trav\u00e9s de tomas fotogr\u00e1ficas \u00fanicas. La finalidad de esta actividad es valorar el territorio en el que vivimos y mejorar la conservaci\u00f3n de este espacio, ya que se calcula existen poco m\u00e1s de 200 especies de aves en dicha regi\u00f3n.<\/p>\n\n\n\n<p>El evento conmemorativo por el D\u00eda Internacional de las Aves Migratorias llev\u00f3 por nombre: \u201cEspacios compartidos. Creando ciudades y comunidades amigables con las aves\u201d, nombre muy acorde a lo que acontece en la actualidad, ya que las complejidades socio ambientales tanto del municipio de Valle de Chalco como de las alcald\u00edas de Tl\u00e1huac y Milpa Alta de la Ciudad de M\u00e9xico, siguen acrecentando la mancha urbana, provocando una competencia entre humanos y las aves que aqu\u00ed habitan o visitan la zona lacustre, que en la regi\u00f3n oriente, es el \u00faltimo relicto del mencionado ecosistema.<\/p>\n\n\n\n<p>De tal modo, el Programa de Sustentabilidad propuso a la Direcci\u00f3n de la APRN que la exposici\u00f3n fotogr\u00e1fica est\u00e9 presente durante la Jornada de Ciencia y Tecnolog\u00eda TUVCH en su edici\u00f3n 2025, ya que se pueden clasificar las actividades de identificaci\u00f3n de la fauna, como un componente de la \u00e9tica ambiental humana hacia la biodiversidad, debido a que no se puede conservar ni proteger lo que no se conoce.<\/p>\n\n\n\n<figure class=\"wp-block-gallery aligncenter has-nested-images columns-default is-cropped wp-block-gallery-1 is-layout-flex wp-block-gallery-is-layout-flex\">\n<figure class=\"wp-block-image size-large\"><img loading=\"lazy\" decoding=\"async\" width=\"929\" height=\"670\" data-id=\"749\" src=\"https:\/\/tuvch.mx\/noticias\/wp-content\/uploads\/2025\/05\/Foto-3.jpg\" alt=\"\" class=\"wp-image-749\" srcset=\"https:\/\/tuvch.mx\/noticias\/wp-content\/uploads\/2025\/05\/Foto-3.jpg 929w, https:\/\/tuvch.mx\/noticias\/wp-content\/uploads\/2025\/05\/Foto-3-480x346.jpg 480w\" sizes=\"(min-width: 0px) and (max-width: 480px) 480px, (min-width: 481px) 929px, 100vw\" \/><\/figure>\n\n\n\n<figure class=\"wp-block-image size-large\"><img loading=\"lazy\" decoding=\"async\" width=\"854\" height=\"384\" data-id=\"748\" src=\"https:\/\/tuvch.mx\/noticias\/wp-content\/uploads\/2025\/05\/Foto-4.jpg\" alt=\"\" class=\"wp-image-748\" srcset=\"https:\/\/tuvch.mx\/noticias\/wp-content\/uploads\/2025\/05\/Foto-4.jpg 854w, https:\/\/tuvch.mx\/noticias\/wp-content\/uploads\/2025\/05\/Foto-4-480x216.jpg 480w\" sizes=\"(min-width: 0px) and (max-width: 480px) 480px, (min-width: 481px) 854px, 100vw\" \/><\/figure>\n\n\n\n<figure class=\"wp-block-image size-large\"><img loading=\"lazy\" decoding=\"async\" width=\"474\" height=\"315\" data-id=\"747\" src=\"https:\/\/tuvch.mx\/noticias\/wp-content\/uploads\/2025\/05\/PINZON.jpg\" alt=\"\" class=\"wp-image-747\" srcset=\"https:\/\/tuvch.mx\/noticias\/wp-content\/uploads\/2025\/05\/PINZON.jpg 474w, https:\/\/tuvch.mx\/noticias\/wp-content\/uploads\/2025\/05\/PINZON-300x199.jpg 300w\" sizes=\"(max-width: 474px) 100vw, 474px\" \/><\/figure>\n<\/figure>\n\n\n\n<p class=\"has-text-align-center has-small-font-size\"><em>Im\u00e1genes tomadas de APRN Lago Tl\u00e1huac-Xico, Facebook, 21 de mayo de 2025. Enlace: [<a href=\"https:\/\/goo.su\/jL7LT6o\">https:\/\/goo.su\/jL7LT6o<\/a>] <em>y \u00edNaturalist, Enlace: [<a href=\"https:\/\/www.inaturalist.org\/taxa\/199910-Haemorhous\">https:\/\/www.inaturalist.org\/taxa\/199910-Haemorhous]<\/a><\/em><\/em><\/p>\n\n\n\n<p>Con esta acci\u00f3n, se busca coadyuvar a las actividades de preservaci\u00f3n de la APRN Lago Tl\u00e1huac-Xico a trav\u00e9s de las sensibilizaci\u00f3n y concientizaci\u00f3n de la poblaci\u00f3n que cohabita directamente con el \u00e1rea natural protegida. Objetivo alineado con la misi\u00f3n del TUVCH, ya que se ha logrado identificar la presencia de ejemplares de la especie pinz\u00f3n mexicano y gorri\u00f3n com\u00fan en las estructuras del campus; aves que diariamente interact\u00faan y conviven con la comunidad universitaria. Hacer un estudio de identificaci\u00f3n y abundancia de aves, es una tarea que est\u00e1 proyectada dentro del Plan Estrat\u00e9gico de Sustentabilidad del Tecnol\u00f3gico, contando con el respaldo de la Direcci\u00f3n del APRN.<\/p>\n\n\n\n<p>En resumen, el genuino compromiso que tiene el TUVCH por el cuidado de la casa com\u00fan, lleva a que la instituci\u00f3n siga muy de cerca las actividades que se desarrollan en la APRN Lago Tl\u00e1huac-Xico, para buscar las formas en las que puede seguir colaborando en la preservaci\u00f3n de tan importante ecosistema. En dicha relaci\u00f3n dada de manera natural, el TUVCH ha fungido como el puente de comunicaci\u00f3n no solo hacia la comunidad estudiantil, sino de la poblaci\u00f3n general de Valle de Chalco, debido a que la Direcci\u00f3n del \u00c1rea Natural Protegida ha participado en diversos eventos en el plantel, donde ha difundido las actividades de conservaci\u00f3n y restauraci\u00f3n que llevan a cabo.<\/p>\n","protected":false},"excerpt":{"rendered":"<div class=\"pvc_clear\"><\/div>\n<p id=\"pvc_stats_746\" class=\"pvc_stats all  \" data-element-id=\"746\" style=\"\"><i class=\"pvc-stats-icon medium\" aria-hidden=\"true\"><svg xmlns=\"http:\/\/www.w3.org\/2000\/svg\" version=\"1.0\" viewBox=\"0 0 502 315\" preserveAspectRatio=\"xMidYMid meet\"><g transform=\"translate(0,332) scale(0.1,-0.1)\" fill=\"\" stroke=\"none\"><path d=\"M2394 3279 l-29 -30 -3 -207 c-2 -182 0 -211 15 -242 39 -76 157 -76 196 0 15 31 17 60 15 243 l-3 209 -33 29 c-26 23 -41 29 -80 29 -41 0 -53 -5 -78 -31z\"\/><path d=\"M3085 3251 c-45 -19 -58 -50 -96 -229 -47 -217 -49 -260 -13 -295 52 -53 146 -42 177 20 16 31 87 366 87 410 0 70 -86 122 -155 94z\"\/><path d=\"M1751 3234 c-13 -9 -29 -31 -37 -50 -12 -29 -10 -49 21 -204 19 -94 39 -189 45 -210 14 -50 54 -80 110 -80 34 0 48 6 76 34 21 21 34 44 34 59 0 14 -18 113 -40 219 -37 178 -43 195 -70 221 -36 32 -101 37 -139 11z\"\/><path d=\"M1163 3073 c-36 -7 -73 -59 -73 -102 0 -56 133 -378 171 -413 34 -32 83 -37 129 -13 70 36 67 87 -16 290 -86 209 -89 214 -129 231 -35 14 -42 15 -82 7z\"\/><path d=\"M3689 3066 c-15 -9 -33 -30 -42 -48 -48 -103 -147 -355 -147 -375 0 -98 131 -148 192 -74 13 15 57 108 97 206 80 196 84 226 37 273 -30 30 -99 39 -137 18z\"\/><path d=\"M583 2784 c-38 -19 -67 -74 -58 -113 9 -42 211 -354 242 -373 16 -10 45 -18 66 -18 51 0 107 52 107 100 0 39 -1 41 -124 234 -80 126 -108 162 -133 173 -41 17 -61 16 -100 -3z\"\/><path d=\"M4250 2784 c-14 -9 -74 -91 -133 -183 -95 -150 -107 -173 -107 -213 0 -55 33 -94 87 -104 67 -13 90 8 211 198 130 202 137 225 78 284 -27 27 -42 34 -72 34 -22 0 -50 -8 -64 -16z\"\/><path d=\"M2275 2693 c-553 -48 -1095 -270 -1585 -649 -135 -104 -459 -423 -483 -476 -23 -49 -22 -139 2 -186 73 -142 361 -457 571 -626 285 -228 642 -407 990 -497 242 -63 336 -73 660 -74 310 0 370 5 595 52 535 111 1045 392 1455 803 122 121 250 273 275 326 19 41 19 137 0 174 -41 79 -309 363 -465 492 -447 370 -946 591 -1479 653 -113 14 -422 18 -536 8z m395 -428 c171 -34 330 -124 456 -258 112 -119 167 -219 211 -378 27 -96 24 -300 -5 -401 -72 -255 -236 -447 -474 -557 -132 -62 -201 -76 -368 -76 -167 0 -236 14 -368 76 -213 98 -373 271 -451 485 -162 444 86 934 547 1084 153 49 292 57 452 25z m909 -232 c222 -123 408 -262 593 -441 76 -74 138 -139 138 -144 0 -16 -233 -242 -330 -319 -155 -123 -309 -223 -461 -299 l-81 -41 32 46 c18 26 49 83 70 128 143 306 141 649 -6 957 -25 52 -61 116 -79 142 l-34 47 45 -20 c26 -10 76 -36 113 -56z m-2057 25 c-40 -58 -105 -190 -130 -263 -110 -324 -59 -707 132 -981 25 -35 42 -64 37 -64 -19 0 -241 119 -326 174 -188 122 -406 314 -532 468 l-58 71 108 103 c185 178 428 349 672 473 66 33 121 60 123 61 2 0 -10 -19 -26 -42z\"\/><path d=\"M2375 1950 c-198 -44 -350 -190 -395 -379 -18 -76 -8 -221 19 -290 114 -284 457 -406 731 -260 98 52 188 154 231 260 27 69 37 214 19 290 -38 163 -166 304 -326 360 -67 23 -215 33 -279 19z\"\/><\/g><\/svg><\/i> <img loading=\"lazy\" decoding=\"async\" width=\"16\" height=\"16\" alt=\"Loading\" src=\"https:\/\/tuvch.mx\/noticias\/wp-content\/plugins\/page-views-count\/ajax-loader-2x.gif\" border=0 \/><\/p>\n<div class=\"pvc_clear\"><\/div>\n<p>\u201cPorque todas las criaturas est\u00e1n conectadas, cada una debe ser valorada con afecto y admiraci\u00f3n, todos los seres nos necesitamos unos a otros. Cada territorio tiene una responsabilidad en el cuidado de esta familia, por lo cual deber\u00eda hacer un cuidadoso inventario de las especies que alberga en orden a desarrollar programas y estrategias de [&hellip;]<\/p>\n","protected":false},"author":5,"featured_media":750,"comment_status":"open","ping_status":"open","sticky":false,"template":"","format":"standard","meta":{"_et_pb_use_builder":"off","_et_pb_old_content":"","_et_gb_content_width":"","footnotes":""},"categories":[3,2,13],"tags":[],"class_list":["post-746","post","type-post","status-publish","format-standard","has-post-thumbnail","hentry","category-incidencia","category-notas","category-noticias"],"_links":{"self":[{"href":"https:\/\/tuvch.mx\/noticias\/index.php?rest_route=\/wp\/v2\/posts\/746","targetHints":{"allow":["GET"]}}],"collection":[{"href":"https:\/\/tuvch.mx\/noticias\/index.php?rest_route=\/wp\/v2\/posts"}],"about":[{"href":"https:\/\/tuvch.mx\/noticias\/index.php?rest_route=\/wp\/v2\/types\/post"}],"author":[{"embeddable":true,"href":"https:\/\/tuvch.mx\/noticias\/index.php?rest_route=\/wp\/v2\/users\/5"}],"replies":[{"embeddable":true,"href":"https:\/\/tuvch.mx\/noticias\/index.php?rest_route=%2Fwp%2Fv2%2Fcomments&post=746"}],"version-history":[{"count":7,"href":"https:\/\/tuvch.mx\/noticias\/index.php?rest_route=\/wp\/v2\/posts\/746\/revisions"}],"predecessor-version":[{"id":774,"href":"https:\/\/tuvch.mx\/noticias\/index.php?rest_route=\/wp\/v2\/posts\/746\/revisions\/774"}],"wp:featuredmedia":[{"embeddable":true,"href":"https:\/\/tuvch.mx\/noticias\/index.php?rest_route=\/wp\/v2\/media\/750"}],"wp:attachment":[{"href":"https:\/\/tuvch.mx\/noticias\/index.php?rest_route=%2Fwp%2Fv2%2Fmedia&parent=746"}],"wp:term":[{"taxonomy":"category","embeddable":true,"href":"https:\/\/tuvch.mx\/noticias\/index.php?rest_route=%2Fwp%2Fv2%2Fcategories&post=746"},{"taxonomy":"post_tag","embeddable":true,"href":"https:\/\/tuvch.mx\/noticias\/index.php?rest_route=%2Fwp%2Fv2%2Ftags&post=746"}],"curies":[{"name":"wp","href":"https:\/\/api.w.org\/{rel}","templated":true}]}}