{"id":760,"date":"2025-06-04T23:02:39","date_gmt":"2025-06-04T23:02:39","guid":{"rendered":"https:\/\/tuvch.mx\/noticias\/?p=760"},"modified":"2025-06-05T19:33:15","modified_gmt":"2025-06-05T19:33:15","slug":"presentacion-del-libro-atencion-a-la-conflictividad-local-propuestas-desde-la-justicia-restaurativa-en-el-tuvch","status":"publish","type":"post","link":"https:\/\/tuvch.mx\/noticias\/?p=760","title":{"rendered":"Presentaci\u00f3n del libro \u201cAtenci\u00f3n a la conflictividad local. Propuestas desde la Justicia Restaurativa\u201d en el TUVCH"},"content":{"rendered":"<div class=\"pvc_clear\"><\/div><p id=\"pvc_stats_760\" class=\"pvc_stats all  \" data-element-id=\"760\" style=\"\"><i class=\"pvc-stats-icon medium\" aria-hidden=\"true\"><svg xmlns=\"http:\/\/www.w3.org\/2000\/svg\" version=\"1.0\" viewBox=\"0 0 502 315\" preserveAspectRatio=\"xMidYMid meet\"><g transform=\"translate(0,332) scale(0.1,-0.1)\" fill=\"\" stroke=\"none\"><path d=\"M2394 3279 l-29 -30 -3 -207 c-2 -182 0 -211 15 -242 39 -76 157 -76 196 0 15 31 17 60 15 243 l-3 209 -33 29 c-26 23 -41 29 -80 29 -41 0 -53 -5 -78 -31z\"\/><path d=\"M3085 3251 c-45 -19 -58 -50 -96 -229 -47 -217 -49 -260 -13 -295 52 -53 146 -42 177 20 16 31 87 366 87 410 0 70 -86 122 -155 94z\"\/><path d=\"M1751 3234 c-13 -9 -29 -31 -37 -50 -12 -29 -10 -49 21 -204 19 -94 39 -189 45 -210 14 -50 54 -80 110 -80 34 0 48 6 76 34 21 21 34 44 34 59 0 14 -18 113 -40 219 -37 178 -43 195 -70 221 -36 32 -101 37 -139 11z\"\/><path d=\"M1163 3073 c-36 -7 -73 -59 -73 -102 0 -56 133 -378 171 -413 34 -32 83 -37 129 -13 70 36 67 87 -16 290 -86 209 -89 214 -129 231 -35 14 -42 15 -82 7z\"\/><path d=\"M3689 3066 c-15 -9 -33 -30 -42 -48 -48 -103 -147 -355 -147 -375 0 -98 131 -148 192 -74 13 15 57 108 97 206 80 196 84 226 37 273 -30 30 -99 39 -137 18z\"\/><path d=\"M583 2784 c-38 -19 -67 -74 -58 -113 9 -42 211 -354 242 -373 16 -10 45 -18 66 -18 51 0 107 52 107 100 0 39 -1 41 -124 234 -80 126 -108 162 -133 173 -41 17 -61 16 -100 -3z\"\/><path d=\"M4250 2784 c-14 -9 -74 -91 -133 -183 -95 -150 -107 -173 -107 -213 0 -55 33 -94 87 -104 67 -13 90 8 211 198 130 202 137 225 78 284 -27 27 -42 34 -72 34 -22 0 -50 -8 -64 -16z\"\/><path d=\"M2275 2693 c-553 -48 -1095 -270 -1585 -649 -135 -104 -459 -423 -483 -476 -23 -49 -22 -139 2 -186 73 -142 361 -457 571 -626 285 -228 642 -407 990 -497 242 -63 336 -73 660 -74 310 0 370 5 595 52 535 111 1045 392 1455 803 122 121 250 273 275 326 19 41 19 137 0 174 -41 79 -309 363 -465 492 -447 370 -946 591 -1479 653 -113 14 -422 18 -536 8z m395 -428 c171 -34 330 -124 456 -258 112 -119 167 -219 211 -378 27 -96 24 -300 -5 -401 -72 -255 -236 -447 -474 -557 -132 -62 -201 -76 -368 -76 -167 0 -236 14 -368 76 -213 98 -373 271 -451 485 -162 444 86 934 547 1084 153 49 292 57 452 25z m909 -232 c222 -123 408 -262 593 -441 76 -74 138 -139 138 -144 0 -16 -233 -242 -330 -319 -155 -123 -309 -223 -461 -299 l-81 -41 32 46 c18 26 49 83 70 128 143 306 141 649 -6 957 -25 52 -61 116 -79 142 l-34 47 45 -20 c26 -10 76 -36 113 -56z m-2057 25 c-40 -58 -105 -190 -130 -263 -110 -324 -59 -707 132 -981 25 -35 42 -64 37 -64 -19 0 -241 119 -326 174 -188 122 -406 314 -532 468 l-58 71 108 103 c185 178 428 349 672 473 66 33 121 60 123 61 2 0 -10 -19 -26 -42z\"\/><path d=\"M2375 1950 c-198 -44 -350 -190 -395 -379 -18 -76 -8 -221 19 -290 114 -284 457 -406 731 -260 98 52 188 154 231 260 27 69 37 214 19 290 -38 163 -166 304 -326 360 -67 23 -215 33 -279 19z\"\/><\/g><\/svg><\/i> <img loading=\"lazy\" decoding=\"async\" width=\"16\" height=\"16\" alt=\"Loading\" src=\"https:\/\/tuvch.mx\/noticias\/wp-content\/plugins\/page-views-count\/ajax-loader-2x.gif\" border=0 \/><\/p><div class=\"pvc_clear\"><\/div>\n<details class=\"wp-block-details is-layout-flow wp-block-details-is-layout-flow\"><summary>El pasado 27 de mayo de 2025 en el Tecnol\u00f3gico Universitario del Valle de Chalco (TUVCH) se llev\u00f3 a cabo la presentaci\u00f3n del libro \u201c<em>Atenci\u00f3n a la conflictividad local. Propuestas desde la Justicia Restaurativa\u201d<\/em>, coordinado por Jorge Atilano Gonz\u00e1lez Candia, S. J. y \u00d3scar Daniel Torres Rosales.<\/summary><\/details>\n\n\n\n<figure class=\"wp-block-image size-large\"><img loading=\"lazy\" decoding=\"async\" width=\"1024\" height=\"683\" src=\"https:\/\/tuvch.mx\/noticias\/wp-content\/uploads\/2025\/06\/IMG_0019-1024x683.jpg\" alt=\"\" class=\"wp-image-767\" srcset=\"https:\/\/tuvch.mx\/noticias\/wp-content\/uploads\/2025\/06\/IMG_0019-980x653.jpg 980w, https:\/\/tuvch.mx\/noticias\/wp-content\/uploads\/2025\/06\/IMG_0019-480x320.jpg 480w\" sizes=\"(min-width: 0px) and (max-width: 480px) 480px, (min-width: 481px) and (max-width: 980px) 980px, (min-width: 981px) 1024px, 100vw\" \/><\/figure>\n\n\n\n<p>El evento reuni\u00f3 a expertos, estudiantes, comunidad acad\u00e9mica y representantes de obras sociales y pastorales de la Compa\u00f1\u00eda de Jes\u00fas, adem\u00e1s de algunas organizaciones civiles. A lo largo de la jornada, las y los asistentes enriquecieron el di\u00e1logo con reflexiones y preguntas, destacando la relevancia de la justicia restaurativa en el contexto actual de violencias que se viven tanto en el municipio de Valle de Chalco como en el resto del pa\u00eds.<\/p>\n\n\n\n<p><strong>Atender el conflicto local<\/strong><\/p>\n\n\n\n<p>Esta obra, es el resultado de la \u00faltima investigaci\u00f3n del Centro de Investigaci\u00f3n y Acci\u00f3n Social (CIAS por la Paz A.C.), que plantea la necesidad urgente de abordar las violencias locales desde un enfoque integral, que fortalezca los sistemas de justicia. El libro invita a repensar la seguridad, la justicia y el tejido social bajo la perspectiva de la justicia restaurativa, promoviendo un modelo que atienda a las v\u00edctimas, restaure la confianza en las instituciones y brinde procesos de reinserci\u00f3n y reeducaci\u00f3n para las personas victimarias. <strong><\/strong><\/p>\n\n\n\n<p><strong>Una apuesta al trabajo en red y la Educaci\u00f3n para la Paz en el TUVCH<\/strong><\/p>\n\n\n\n<p>En su intervenci\u00f3n, la Dra. Mar\u00eda Adriana Jim\u00e9nez Romero, directora general del TUVCH, destac\u00f3 el uso de metodolog\u00edas cualitativas dentro del libro, que impulsan paradigmas alternativos mediante la participaci\u00f3n y la cocreaci\u00f3n del conocimiento. Durante su discurso subray\u00f3 tres reflexiones clave:<\/p>\n\n\n\n<ul class=\"wp-block-list\">\n<li>La necesidad de fortalecer redes de colaboraci\u00f3n entre las obras de la Compa\u00f1\u00eda de Jes\u00fas.<\/li>\n\n\n\n<li>El an\u00e1lisis de las violencias estructurales desde un enfoque local, incluyendo las omisiones estatales y la degradaci\u00f3n del tejido social.<\/li>\n\n\n\n<li>La educaci\u00f3n para la paz como herramienta esencial en la transformaci\u00f3n de conflictos.<\/li>\n<\/ul>\n\n\n\n<p>Asimismo, nuestra directora general mencion\u00f3 que, como respuesta ante tal necesidad, el TUVCH pretende establecer una cultura pol\u00edtica de paz, reconciliaci\u00f3n y restauraci\u00f3n en la comunidad universitaria y el territorio, desde las pedagog\u00edas para la paz, como un proceso estrat\u00e9gico para transformar los conflictos y prevenir la normalizaci\u00f3n de la violencia en la zona oriente del Estado de M\u00e9xico.&nbsp;&nbsp;<\/p>\n\n\n\n<figure class=\"wp-block-gallery has-nested-images columns-default is-cropped wp-block-gallery-1 is-layout-flex wp-block-gallery-is-layout-flex\">\n<figure class=\"wp-block-image size-large\"><img loading=\"lazy\" decoding=\"async\" width=\"1024\" height=\"683\" data-id=\"765\" src=\"https:\/\/tuvch.mx\/noticias\/wp-content\/uploads\/2025\/06\/IMG_9704-1024x683.jpg\" alt=\"\" class=\"wp-image-765\" srcset=\"https:\/\/tuvch.mx\/noticias\/wp-content\/uploads\/2025\/06\/IMG_9704-980x653.jpg 980w, https:\/\/tuvch.mx\/noticias\/wp-content\/uploads\/2025\/06\/IMG_9704-480x320.jpg 480w\" sizes=\"(min-width: 0px) and (max-width: 480px) 480px, (min-width: 481px) and (max-width: 980px) 980px, (min-width: 981px) 1024px, 100vw\" \/><\/figure>\n\n\n\n<figure class=\"wp-block-image size-large\"><img loading=\"lazy\" decoding=\"async\" width=\"1024\" height=\"683\" data-id=\"768\" src=\"https:\/\/tuvch.mx\/noticias\/wp-content\/uploads\/2025\/06\/IMG_9715-1024x683.jpg\" alt=\"\" class=\"wp-image-768\" srcset=\"https:\/\/tuvch.mx\/noticias\/wp-content\/uploads\/2025\/06\/IMG_9715-980x653.jpg 980w, https:\/\/tuvch.mx\/noticias\/wp-content\/uploads\/2025\/06\/IMG_9715-480x320.jpg 480w\" sizes=\"(min-width: 0px) and (max-width: 480px) 480px, (min-width: 481px) and (max-width: 980px) 980px, (min-width: 981px) 1024px, 100vw\" \/><\/figure>\n\n\n\n<figure class=\"wp-block-image size-large\"><img loading=\"lazy\" decoding=\"async\" width=\"1024\" height=\"683\" data-id=\"766\" src=\"https:\/\/tuvch.mx\/noticias\/wp-content\/uploads\/2025\/06\/IMG_9851-1024x683.jpg\" alt=\"\" class=\"wp-image-766\" srcset=\"https:\/\/tuvch.mx\/noticias\/wp-content\/uploads\/2025\/06\/IMG_9851-980x653.jpg 980w, https:\/\/tuvch.mx\/noticias\/wp-content\/uploads\/2025\/06\/IMG_9851-480x320.jpg 480w\" sizes=\"(min-width: 0px) and (max-width: 480px) 480px, (min-width: 481px) and (max-width: 980px) 980px, (min-width: 981px) 1024px, 100vw\" \/><\/figure>\n<\/figure>\n\n\n\n<p><\/p>\n\n\n\n<p><strong>Humanizar los sistemas judiciales<\/strong><\/p>\n\n\n\n<p>Posteriormente, el P. Jorge Arturo Ochoa Valenzuela, S. J., realiz\u00f3 su aportaci\u00f3n abordando la relaci\u00f3n de las diversas violencias en el municipio con respecto a las fuerzas militarizadas y policiales en el municipio. Sistemas que necesitan ser humanizados, desde una perspectiva de hermandad para que las relaciones dentro de la comunidad se restauren. Dando \u00e9nfasis en que la \u201cJusticia Restaurativa\u201d no solo propone que las instituciones funcionen adecuadamente, sino que los v\u00ednculos sociales queden restaurados, centr\u00e1ndose en la idea del libro de no solo mirar los problemas, sino voltear a ver a las personas que los enfrentan, haciendo la invitaci\u00f3n desde su postura religiosa, a verles como hermanas y hermanos.<\/p>\n\n\n\n<p><strong>Obras jesuitas construyen proyecto \u201cCorredor de la Esperanza\u201d<\/strong><\/p>\n\n\n\n<p>De igual manera la Dra. Jim\u00e9nez Romero y el P. Ochoa Valenzuela, S. J., mencionaron el trabajo en conjunto de las obras educativas, pastorales y sociales de la Compa\u00f1\u00eda de Jes\u00fas, que est\u00e1n trabajando activamente para fortalecer la construcci\u00f3n de espacios seguros y de buena convivencia en la comunidad de la Parroquia de San Ignacio de Loyola y el Tecnol\u00f3gico Universitario del Valle de Chalco; a trav\u00e9s de procesos de cuidado, prevenci\u00f3n y afrontamiento tanto de las violencias de g\u00e9nero como las del \u00e1mbito familiar, con un especial enfoque en la defensa de los derechos humanos.<\/p>\n\n\n\n<p><strong>Repensar el sistema de justicia en M\u00e9xico.<\/strong><\/p>\n\n\n\n<p>Como tercera intervenci\u00f3n, el P. Jorge Atilano Gonz\u00e1lez Candia, S. J., comparti\u00f3 hallazgos de 12 a\u00f1os de investigaci\u00f3n del CIAS por la Paz. Como parte de este relato, mencion\u00f3 que, en 2022, a\u00f1o en que ocurre el asesinato de los padres jesuitas en la sierra Tarahumara de Cerocahui, Chihuahua, fue \u00e9l quien dio el seguimiento a la investigaci\u00f3n con el fiscal del estado, el secretario de seguridad p\u00fablica y el general militar de la zona, donde identificaron que, para la construcci\u00f3n de paz, se necesita la reconstrucci\u00f3n del tejido Social, la seguridad y la necesidad de un sistema de justicia consolidado. Adem\u00e1s de una sociedad organizada y comprometida entre tres pilares fundamentales: empresas, universidades y comunidad en general.<\/p>\n\n\n\n<p>En palabras de los autores de esta obra, \u201cel sistema de justicia est\u00e1 desbordado\u201d, pues la prisi\u00f3n, la fiscal\u00eda, la polic\u00eda y la comunidad son instituciones fragmentadas que favorecen la impunidad y corrupci\u00f3n en M\u00e9xico, por lo que cuando se construy\u00f3 la Agenda Nacional de Paz en el marco del evento \u201cDi\u00e1logo Nacional por la Paz\u201d, realizado en la Universidad \u2013Iberoamericana Puebla en 2023, se mostr\u00f3 la necesidad de repensar el sistema de justicia en M\u00e9xico. Dando continuidad a esta premisa, el libro presentado muestra un diagn\u00f3stico a partir de sus componentes, analizando cada parte del sistema para identificar c\u00f3mo est\u00e1n fragmentadas y a su vez, c\u00f3mo articularlas para tener una nueva propuesta m\u00e1s articulada.<\/p>\n\n\n\n<figure class=\"wp-block-gallery has-nested-images columns-default is-cropped wp-block-gallery-2 is-layout-flex wp-block-gallery-is-layout-flex\">\n<figure class=\"wp-block-image size-large\"><img loading=\"lazy\" decoding=\"async\" width=\"1024\" height=\"683\" data-id=\"764\" src=\"https:\/\/tuvch.mx\/noticias\/wp-content\/uploads\/2025\/06\/IMG_9797-1024x683.jpg\" alt=\"\" class=\"wp-image-764\" srcset=\"https:\/\/tuvch.mx\/noticias\/wp-content\/uploads\/2025\/06\/IMG_9797-980x653.jpg 980w, https:\/\/tuvch.mx\/noticias\/wp-content\/uploads\/2025\/06\/IMG_9797-480x320.jpg 480w\" sizes=\"(min-width: 0px) and (max-width: 480px) 480px, (min-width: 481px) and (max-width: 980px) 980px, (min-width: 981px) 1024px, 100vw\" \/><\/figure>\n\n\n\n<figure class=\"wp-block-image size-large\"><img loading=\"lazy\" decoding=\"async\" width=\"1024\" height=\"683\" data-id=\"762\" src=\"https:\/\/tuvch.mx\/noticias\/wp-content\/uploads\/2025\/06\/IMG_0007-1024x683.jpg\" alt=\"\" class=\"wp-image-762\" srcset=\"https:\/\/tuvch.mx\/noticias\/wp-content\/uploads\/2025\/06\/IMG_0007-980x653.jpg 980w, https:\/\/tuvch.mx\/noticias\/wp-content\/uploads\/2025\/06\/IMG_0007-480x320.jpg 480w\" sizes=\"(min-width: 0px) and (max-width: 480px) 480px, (min-width: 481px) and (max-width: 980px) 980px, (min-width: 981px) 1024px, 100vw\" \/><\/figure>\n\n\n\n<figure class=\"wp-block-image size-large\"><img loading=\"lazy\" decoding=\"async\" width=\"1024\" height=\"683\" data-id=\"763\" src=\"https:\/\/tuvch.mx\/noticias\/wp-content\/uploads\/2025\/06\/IMG_9905-1024x683.jpg\" alt=\"\" class=\"wp-image-763\" srcset=\"https:\/\/tuvch.mx\/noticias\/wp-content\/uploads\/2025\/06\/IMG_9905-980x653.jpg 980w, https:\/\/tuvch.mx\/noticias\/wp-content\/uploads\/2025\/06\/IMG_9905-480x320.jpg 480w\" sizes=\"(min-width: 0px) and (max-width: 480px) 480px, (min-width: 481px) and (max-width: 980px) 980px, (min-width: 981px) 1024px, 100vw\" \/><\/figure>\n<\/figure>\n\n\n\n<p><\/p>\n\n\n\n<p>Esta alternativa explica que actualmente, M\u00e9xico tiene la condiciones para mejorar el sistema de justicia desde el \u00e1mbito local con la partici\u00f3n y articulaci\u00f3n de los diferentes actores. Adem\u00e1s, que la desarticulaci\u00f3n de las instituciones que imparten justicia fortalece la corrupci\u00f3n y la impunidad. Existe pues, una tendencia al punitivismo y al castigo, ya que socialmente se busca que los problemas se resuelvan mediante la violencia, porque poco se cree en la justicia y se quiere hacer justicia por la propia mano. Es por ello, que hay que pensar el rol de cada persona e instituci\u00f3n en el cumplimiento de la justicia, descubriendo c\u00f3mo puede aportar cada una de ellas a mejorar el sistema de justicia. &nbsp;<\/p>\n\n\n\n<p>De esta manera, la justicia restaurativa puede atender a las personas v\u00edctimas y reeducar a las victimarias, pero considerando los l\u00edmites de esta propuesta, ya que los conflictos pueden ser atendidos a trav\u00e9s de la mediaci\u00f3n o de la justicia punitiva. Por esta raz\u00f3n, se requiere crear un sistema donde puedan participar diversas instituciones como universidades, jueces, la comunidad en general, mediadores, l\u00edderes comunitarios, escuelas, entre otros. El m\u00e9todo propuesto consiste en preguntarse \u201c<em>\u00bfQu\u00e9 problemas se quieren atender?, \u00bfQui\u00e9nes tendr\u00edan que participar en atender esos problemas?, \u00bfQu\u00e9 protocolos se deben seguir? y \u00bfC\u00f3mo se puede generar confianza para que la ciudadan\u00eda siga ese circuito de atenci\u00f3n al conflicto?\u201d<\/em><\/p>\n\n\n\n<p>Para llevar a cabo la ya mencionada justicia restaurativa, se requiere un abordaje integral del sistema de justicia, desde la atenci\u00f3n a las familias hasta las c\u00e1rceles, para que, desde lo local, se puedan crear sistemas de atenci\u00f3n al conflicto y paulatinamente vayan escalando a nivel Estatal y Federal.<\/p>\n\n\n\n<p>Para m\u00e1s detalles consulta el libro <strong><em>\u201cAtenci\u00f3n a la conflictividad local. Propuestas desde la Justicia Restaurativa\u201d<\/em> <\/strong>en el acervo de la <strong>Biblioteca \u201cSor Juana In\u00e9s de la Cruz\u201d en las instalaciones del Tecnol\u00f3gico Universitario del Valle de Chalco.<\/strong><\/p>\n\n\n\n<p><\/p>\n\n\n\n<p class=\"has-small-font-size\">Encuentra la transmisi\u00f3n de la presentaci\u00f3n del libro en:<\/p>\n\n\n\n<ul class=\"wp-block-list has-small-font-size\">\n<li><a href=\"https:\/\/www.facebook.com\/share\/p\/1NfpWZHTXE\">https:\/\/www.facebook.com\/share\/p\/1NfpWZHTXE<\/a><\/li>\n<\/ul>\n\n\n\n<ul class=\"wp-block-list has-small-font-size\">\n<li><a href=\"https:\/\/www.facebook.com\/DiocesisdeValledeChalco\">https:\/\/www.facebook.com\/DiocesisdeValledeChalco<\/a><\/li>\n<\/ul>\n","protected":false},"excerpt":{"rendered":"<div class=\"pvc_clear\"><\/div>\n<p id=\"pvc_stats_760\" class=\"pvc_stats all  \" data-element-id=\"760\" style=\"\"><i class=\"pvc-stats-icon medium\" aria-hidden=\"true\"><svg xmlns=\"http:\/\/www.w3.org\/2000\/svg\" version=\"1.0\" viewBox=\"0 0 502 315\" preserveAspectRatio=\"xMidYMid meet\"><g transform=\"translate(0,332) scale(0.1,-0.1)\" fill=\"\" stroke=\"none\"><path d=\"M2394 3279 l-29 -30 -3 -207 c-2 -182 0 -211 15 -242 39 -76 157 -76 196 0 15 31 17 60 15 243 l-3 209 -33 29 c-26 23 -41 29 -80 29 -41 0 -53 -5 -78 -31z\"\/><path d=\"M3085 3251 c-45 -19 -58 -50 -96 -229 -47 -217 -49 -260 -13 -295 52 -53 146 -42 177 20 16 31 87 366 87 410 0 70 -86 122 -155 94z\"\/><path d=\"M1751 3234 c-13 -9 -29 -31 -37 -50 -12 -29 -10 -49 21 -204 19 -94 39 -189 45 -210 14 -50 54 -80 110 -80 34 0 48 6 76 34 21 21 34 44 34 59 0 14 -18 113 -40 219 -37 178 -43 195 -70 221 -36 32 -101 37 -139 11z\"\/><path d=\"M1163 3073 c-36 -7 -73 -59 -73 -102 0 -56 133 -378 171 -413 34 -32 83 -37 129 -13 70 36 67 87 -16 290 -86 209 -89 214 -129 231 -35 14 -42 15 -82 7z\"\/><path d=\"M3689 3066 c-15 -9 -33 -30 -42 -48 -48 -103 -147 -355 -147 -375 0 -98 131 -148 192 -74 13 15 57 108 97 206 80 196 84 226 37 273 -30 30 -99 39 -137 18z\"\/><path d=\"M583 2784 c-38 -19 -67 -74 -58 -113 9 -42 211 -354 242 -373 16 -10 45 -18 66 -18 51 0 107 52 107 100 0 39 -1 41 -124 234 -80 126 -108 162 -133 173 -41 17 -61 16 -100 -3z\"\/><path d=\"M4250 2784 c-14 -9 -74 -91 -133 -183 -95 -150 -107 -173 -107 -213 0 -55 33 -94 87 -104 67 -13 90 8 211 198 130 202 137 225 78 284 -27 27 -42 34 -72 34 -22 0 -50 -8 -64 -16z\"\/><path d=\"M2275 2693 c-553 -48 -1095 -270 -1585 -649 -135 -104 -459 -423 -483 -476 -23 -49 -22 -139 2 -186 73 -142 361 -457 571 -626 285 -228 642 -407 990 -497 242 -63 336 -73 660 -74 310 0 370 5 595 52 535 111 1045 392 1455 803 122 121 250 273 275 326 19 41 19 137 0 174 -41 79 -309 363 -465 492 -447 370 -946 591 -1479 653 -113 14 -422 18 -536 8z m395 -428 c171 -34 330 -124 456 -258 112 -119 167 -219 211 -378 27 -96 24 -300 -5 -401 -72 -255 -236 -447 -474 -557 -132 -62 -201 -76 -368 -76 -167 0 -236 14 -368 76 -213 98 -373 271 -451 485 -162 444 86 934 547 1084 153 49 292 57 452 25z m909 -232 c222 -123 408 -262 593 -441 76 -74 138 -139 138 -144 0 -16 -233 -242 -330 -319 -155 -123 -309 -223 -461 -299 l-81 -41 32 46 c18 26 49 83 70 128 143 306 141 649 -6 957 -25 52 -61 116 -79 142 l-34 47 45 -20 c26 -10 76 -36 113 -56z m-2057 25 c-40 -58 -105 -190 -130 -263 -110 -324 -59 -707 132 -981 25 -35 42 -64 37 -64 -19 0 -241 119 -326 174 -188 122 -406 314 -532 468 l-58 71 108 103 c185 178 428 349 672 473 66 33 121 60 123 61 2 0 -10 -19 -26 -42z\"\/><path d=\"M2375 1950 c-198 -44 -350 -190 -395 -379 -18 -76 -8 -221 19 -290 114 -284 457 -406 731 -260 98 52 188 154 231 260 27 69 37 214 19 290 -38 163 -166 304 -326 360 -67 23 -215 33 -279 19z\"\/><\/g><\/svg><\/i> <img loading=\"lazy\" decoding=\"async\" width=\"16\" height=\"16\" alt=\"Loading\" src=\"https:\/\/tuvch.mx\/noticias\/wp-content\/plugins\/page-views-count\/ajax-loader-2x.gif\" border=0 \/><\/p>\n<div class=\"pvc_clear\"><\/div>\n<p>El evento reuni\u00f3 a expertos, estudiantes, comunidad acad\u00e9mica y representantes de obras sociales y pastorales de la Compa\u00f1\u00eda de Jes\u00fas, adem\u00e1s de algunas organizaciones civiles. A lo largo de la jornada, las y los asistentes enriquecieron el di\u00e1logo con reflexiones y preguntas, destacando la relevancia de la justicia restaurativa en el contexto actual de violencias [&hellip;]<\/p>\n","protected":false},"author":5,"featured_media":761,"comment_status":"open","ping_status":"open","sticky":false,"template":"","format":"standard","meta":{"give_campaign_id":0,"_et_pb_use_builder":"off","_et_pb_old_content":"","_et_gb_content_width":"","footnotes":""},"categories":[8,2],"tags":[],"class_list":["post-760","post","type-post","status-publish","format-standard","has-post-thumbnail","hentry","category-informativa","category-notas"],"a3_pvc":{"activated":true,"total_views":13,"today_views":1},"_links":{"self":[{"href":"https:\/\/tuvch.mx\/noticias\/index.php?rest_route=\/wp\/v2\/posts\/760","targetHints":{"allow":["GET"]}}],"collection":[{"href":"https:\/\/tuvch.mx\/noticias\/index.php?rest_route=\/wp\/v2\/posts"}],"about":[{"href":"https:\/\/tuvch.mx\/noticias\/index.php?rest_route=\/wp\/v2\/types\/post"}],"author":[{"embeddable":true,"href":"https:\/\/tuvch.mx\/noticias\/index.php?rest_route=\/wp\/v2\/users\/5"}],"replies":[{"embeddable":true,"href":"https:\/\/tuvch.mx\/noticias\/index.php?rest_route=%2Fwp%2Fv2%2Fcomments&post=760"}],"version-history":[{"count":4,"href":"https:\/\/tuvch.mx\/noticias\/index.php?rest_route=\/wp\/v2\/posts\/760\/revisions"}],"predecessor-version":[{"id":772,"href":"https:\/\/tuvch.mx\/noticias\/index.php?rest_route=\/wp\/v2\/posts\/760\/revisions\/772"}],"wp:featuredmedia":[{"embeddable":true,"href":"https:\/\/tuvch.mx\/noticias\/index.php?rest_route=\/wp\/v2\/media\/761"}],"wp:attachment":[{"href":"https:\/\/tuvch.mx\/noticias\/index.php?rest_route=%2Fwp%2Fv2%2Fmedia&parent=760"}],"wp:term":[{"taxonomy":"category","embeddable":true,"href":"https:\/\/tuvch.mx\/noticias\/index.php?rest_route=%2Fwp%2Fv2%2Fcategories&post=760"},{"taxonomy":"post_tag","embeddable":true,"href":"https:\/\/tuvch.mx\/noticias\/index.php?rest_route=%2Fwp%2Fv2%2Ftags&post=760"}],"curies":[{"name":"wp","href":"https:\/\/api.w.org\/{rel}","templated":true}]}}